{"id":2066,"date":"2025-05-09T00:46:48","date_gmt":"2025-05-09T00:46:48","guid":{"rendered":"https:\/\/studioejarque.com\/?p=2066"},"modified":"2025-05-09T13:13:29","modified_gmt":"2025-05-09T13:13:29","slug":"fuego-forma-y-espejos-studio-ejarque-en-la-plataforma-talents-de-la-feria-del-mueble-de-frankfurt","status":"publish","type":"post","link":"https:\/\/studioejarque.com\/index.php\/2025\/05\/09\/fuego-forma-y-espejos-studio-ejarque-en-la-plataforma-talents-de-la-feria-del-mueble-de-frankfurt\/","title":{"rendered":"Fuego, Forma y Espejos: Studio Ejarque en la plataforma Talents de la Feria del Mueble de Frankfurt"},"content":{"rendered":"\t\t<div data-elementor-type=\"wp-post\" data-elementor-id=\"2066\" class=\"elementor elementor-2066\">\n\t\t\t\t<div class=\"elementor-element elementor-element-31101c19 e-flex e-con-boxed elementor-invisible e-con e-parent\" data-id=\"31101c19\" data-element_type=\"container\" data-settings=\"{&quot;animation&quot;:&quot;fadeIn&quot;}\">\n\t\t\t\t\t<div class=\"e-con-inner\">\n\t\t\t\t<div class=\"elementor-element elementor-element-d4bbcde elementor-widget elementor-widget-image\" data-id=\"d4bbcde\" data-element_type=\"widget\" data-widget_type=\"image.default\">\n\t\t\t\t<div class=\"elementor-widget-container\">\n\t\t\t\t\t\t\t\t\t\t\t\t\t\t\t<img loading=\"lazy\" decoding=\"async\" width=\"1000\" height=\"563\" src=\"https:\/\/i0.wp.com\/studioejarque.com\/wp-content\/uploads\/2025\/05\/Frankfurt_ambiente_ejarque_2025.jpg?fit=1000%2C563&amp;ssl=1\" class=\"attachment-large size-large wp-image-1994\" alt=\"\" srcset=\"https:\/\/i0.wp.com\/studioejarque.com\/wp-content\/uploads\/2025\/05\/Frankfurt_ambiente_ejarque_2025.jpg?w=1000&amp;ssl=1 1000w, https:\/\/i0.wp.com\/studioejarque.com\/wp-content\/uploads\/2025\/05\/Frankfurt_ambiente_ejarque_2025.jpg?resize=300%2C169&amp;ssl=1 300w, https:\/\/i0.wp.com\/studioejarque.com\/wp-content\/uploads\/2025\/05\/Frankfurt_ambiente_ejarque_2025.jpg?resize=768%2C432&amp;ssl=1 768w\" sizes=\"auto, (max-width: 1000px) 100vw, 1000px\" \/>\t\t\t\t\t\t\t\t\t\t\t\t\t\t\t<\/div>\n\t\t\t\t<\/div>\n\t\t\t\t<div class=\"elementor-element elementor-element-6a91587 elementor-widget-divider--view-line elementor-widget elementor-widget-divider\" data-id=\"6a91587\" data-element_type=\"widget\" data-widget_type=\"divider.default\">\n\t\t\t\t<div class=\"elementor-widget-container\">\n\t\t\t\t\t\t\t<div class=\"elementor-divider\">\n\t\t\t<span class=\"elementor-divider-separator\">\n\t\t\t\t\t\t<\/span>\n\t\t<\/div>\n\t\t\t\t\t\t<\/div>\n\t\t\t\t<\/div>\n\t\t\t\t\t<\/div>\n\t\t\t\t<\/div>\n\t\t<div class=\"elementor-element elementor-element-5035bdb4 e-con-full e-flex elementor-invisible e-con e-parent\" data-id=\"5035bdb4\" data-element_type=\"container\" data-settings=\"{&quot;animation&quot;:&quot;fadeIn&quot;}\">\n\t\t\t\t<div class=\"elementor-element elementor-element-724b9185 elementor-widget elementor-widget-text-editor\" data-id=\"724b9185\" data-element_type=\"widget\" data-widget_type=\"text-editor.default\">\n\t\t\t\t<div class=\"elementor-widget-container\">\n\t\t\t\t\t\t\t\t\t<p class=\"\" data-start=\"233\" data-end=\"703\"><strong><em data-start=\"233\" data-end=\"258\">\u00a0 \u00a0 \u00a0Frankfurt, Febrero de 2025<\/em><\/strong> \u2014 Tras su debut europeo en Estocolmo, <strong data-start=\"297\" data-end=\"315\">Studio Ejarque<\/strong> continu\u00f3 su recorrido por las principales ferias de dise\u00f1o del continente con una destacada participaci\u00f3n en <strong data-start=\"425\" data-end=\"452\">Ambiente Frankfurt 2025<\/strong>. Invitado a formar parte de <strong data-start=\"481\" data-end=\"492\">Talents<\/strong>, la plataforma que re\u00fane a dise\u00f1adores emergentes de todo el mundo, el estudio se sum\u00f3 a un entorno vibrante y cargado de propuestas innovadoras.<\/p><p class=\"\" data-start=\"705\" data-end=\"1023\">\u00a0 \u00a0 \u00a0Como en<strong data-start=\"736\" data-end=\"786\">\u00a0Estocolmo<\/strong>, el estudio present\u00f3 su colecci\u00f3n inaugural, <em><strong data-start=\"842\" data-end=\"854\">El Fuego<\/strong><\/em>\u2014una reflexi\u00f3n po\u00e9tica sobre la transformaci\u00f3n y la materialidad, que toma este elemento como s\u00edmbolo central. Sin embargo, para Frankfurt, la colecci\u00f3n dio un paso m\u00e1s all\u00e1.<\/p><p class=\"\" data-start=\"1025\" data-end=\"1518\">\u00a0 \u00a0 \u00a0Junto a las piezas de iluminaci\u00f3n escult\u00f3ricas que ya hab\u00edan despertado atenci\u00f3n en Suecia, el estudio present\u00f3 nuevas incorporaciones: una serie de <strong data-start=\"1172\" data-end=\"1229\">espejos que integran el biopl\u00e1stico a base de grafito<\/strong>, y una pieza de mobiliario especialmente llamativa: un <strong data-start=\"1285\" data-end=\"1347\">puf tapizado a mano con ese mismo biopl\u00e1stico<\/strong>, curado para ofrecer una textura similar al cuero.\u00a0<\/p><p class=\"\" data-start=\"1520\" data-end=\"1928\">\u00a0 \u00a0 \u00a0El <strong data-start=\"1523\" data-end=\"1549\">biopl\u00e1stico de grafito<\/strong>, desarrollado por Pablo Ejarque-Gonz\u00e1lez en 2024, volvi\u00f3 a despertar gran curiosidad. Su textura poco convencional y el enfoque sostenible en su proceso de fabricaci\u00f3n suscitaron preguntas e inter\u00e9s por parte de visitantes y profesionales. Las <strong data-start=\"1794\" data-end=\"1809\">Leaky Lamps<\/strong>, con sus formas org\u00e1nicas y superficies transl\u00facidas, volvieron a convertirse en el eje visual y discursivo del stand.<\/p><p class=\"\" data-start=\"1930\" data-end=\"2351\">\u00a0 \u00a0 \u00a0 Frankfurt se revel\u00f3 como una plataforma clave para el di\u00e1logo. Con profesionales del dise\u00f1o, medios especializados y observadores de tendencias recorriendo la feria, <strong data-start=\"2105\" data-end=\"2186\">Ambiente permiti\u00f3 al estudio conectar con una audiencia diversa<\/strong>.\u00a0<\/p><p class=\"\" data-start=\"2353\" data-end=\"2653\">\u00a0 \u00a0 \u00a0 Como uno de los eventos de dise\u00f1o m\u00e1s influyentes de Europa, Ambiente confirm\u00f3 el lugar del estudio en la conversaci\u00f3n actual sobre <strong data-start=\"2485\" data-end=\"2532\">experimentaci\u00f3n material y dise\u00f1o emocional<\/strong>.\u00a0<\/p>\t\t\t\t\t\t\t\t<\/div>\n\t\t\t\t<\/div>\n\t\t\t\t<\/div>\n\t\t<div class=\"elementor-element elementor-element-bd4c669 e-con-full e-flex elementor-invisible e-con e-parent\" data-id=\"bd4c669\" data-element_type=\"container\" data-settings=\"{&quot;animation&quot;:&quot;fadeIn&quot;}\">\n\t\t\t\t<div class=\"elementor-element elementor-element-4d1d2fc elementor-align-right elementor-invisible elementor-widget elementor-widget-button\" data-id=\"4d1d2fc\" data-element_type=\"widget\" data-settings=\"{&quot;_animation&quot;:&quot;fadeIn&quot;}\" data-widget_type=\"button.default\">\n\t\t\t\t<div class=\"elementor-widget-container\">\n\t\t\t\t\t\t\t\t\t<div class=\"elementor-button-wrapper\">\n\t\t\t\t\t<a class=\"elementor-button elementor-button-link elementor-size-sm\" href=\"https:\/\/studioejarque.com\/index.php\/2025\/05\/09\/fire-form-and-mirrors-studio-ejarque-at-frankfurts-talents-platform\/\">\n\t\t\t\t\t\t<span class=\"elementor-button-content-wrapper\">\n\t\t\t\t\t\t\t\t\t<span class=\"elementor-button-text\">Read in English<\/span>\n\t\t\t\t\t<\/span>\n\t\t\t\t\t<\/a>\n\t\t\t\t<\/div>\n\t\t\t\t\t\t\t\t<\/div>\n\t\t\t\t<\/div>\n\t\t\t\t<div class=\"elementor-element elementor-element-31bd2955 elementor-widget-divider--view-line elementor-widget elementor-widget-divider\" data-id=\"31bd2955\" data-element_type=\"widget\" data-widget_type=\"divider.default\">\n\t\t\t\t<div class=\"elementor-widget-container\">\n\t\t\t\t\t\t\t<div class=\"elementor-divider\">\n\t\t\t<span class=\"elementor-divider-separator\">\n\t\t\t\t\t\t<\/span>\n\t\t<\/div>\n\t\t\t\t\t\t<\/div>\n\t\t\t\t<\/div>\n\t\t\t\t<div class=\"elementor-element elementor-element-30c95c25 premium-blog-align-center elementor-invisible elementor-widget elementor-widget-premium-addon-blog\" data-id=\"30c95c25\" data-element_type=\"widget\" data-settings=\"{&quot;premium_blog_columns_number&quot;:&quot;33.33%&quot;,&quot;_animation&quot;:&quot;fadeIn&quot;,&quot;premium_blog_grid&quot;:&quot;yes&quot;,&quot;premium_blog_layout&quot;:&quot;even&quot;,&quot;premium_blog_columns_number_tablet&quot;:&quot;50%&quot;,&quot;premium_blog_columns_number_mobile&quot;:&quot;100%&quot;}\" data-widget_type=\"premium-addon-blog.default\">\n\t\t\t\t<div class=\"elementor-widget-container\">\n\t\t\t\t\t\r\n\t\t\t\t<div class=\"premium-blog-wrap  premium-blog-even\" data-page=\"2066\">\r\n\t\t\t\t\t<div class=\"premium-blog-post-outer-container\" data-total=\"3\">\r\n\t\t\t<div class=\"premium-blog-post-container premium-blog-skin-classic\">\r\n\t\t\t\t\t\t\t\t\t<div class=\"premium-blog-thumb-effect-wrapper\">\r\n\t\t\t\t\t\t<div class=\"premium-blog-thumbnail-container premium-blog-bright-effect\">\r\n\t\t\t\t\t\t\t<img loading=\"lazy\" decoding=\"async\" width=\"1350\" height=\"760\" src=\"https:\/\/i0.wp.com\/studioejarque.com\/wp-content\/uploads\/2026\/03\/Forma_post_post.png?fit=1350%2C760&amp;ssl=1\" class=\"attachment-full size-full wp-image-2426\" alt=\"\" \/>\t\t\t\t\t\t<\/div>\r\n\t\t\t\t\t\t\t\t\t\t\t\t\t<div class=\"premium-blog-thumbnail-overlay\">\r\n\t\t\t\t\t\t\t\t<a class=\"elementor-icon\" href=\"https:\/\/studioejarque.com\/index.php\/2026\/03\/17\/studio-ejarque-en-forma-design-fair-madrid-design-festival-2026-duplicate-2412\/\" target=\"_self\"><span>Volver a casa: Studio Ejarque aterriza en FORMA Madrid con la Leaky Collection<\/span><\/a>\r\n\t\t\t\t\t\t\t<\/div>\r\n\r\n\t\t\t\t\t\t\t\t\t\t\t\t\t\t\t\t\t\t<\/div>\r\n\t\t\t\t\t\t\t\t\t\t\t\t<div class=\"premium-blog-content-wrapper \">\r\n\r\n\t\t\t\t\t<div class=\"premium-blog-inner-container\">\r\n\r\n\t\t\t\t\t\t\t\t\t\t\t\t\t\t<h2 class=\"premium-blog-entry-title\">\r\n\t\t\t<a href=\"https:\/\/studioejarque.com\/index.php\/2026\/03\/17\/studio-ejarque-en-forma-design-fair-madrid-design-festival-2026-duplicate-2412\/\" target=\"_self\">\r\n\t\t\t\tVolver a casa: Studio Ejarque aterriza en FORMA Madrid con la Leaky Collection\t\t\t<\/a>\r\n\t\t<\/h2>\r\n\t\t\t\t<div class=\"premium-blog-entry-meta\">\r\n\t\t\t\r\n\t\t\t\t\t\t\t<span class=\"premium-blog-meta-separator\">\u2022<\/span>\r\n\t\t\t\t<div class=\"premium-blog-post-time premium-blog-meta-data\">\r\n\t\t\t\t\t<i class=\"fa fa-calendar-alt\" aria-hidden=\"true\"><\/i>\r\n\t\t\t\t\t<span>March 17, 2026<\/span>\r\n\t\t\t\t<\/div>\r\n\t\t\t\r\n\t\t\t\t\t\t\t<span class=\"premium-blog-meta-separator\">\u2022<\/span>\r\n\t\t\t\t<div class=\"premium-blog-post-categories premium-blog-meta-data\">\r\n\t\t\t\t\t<i class=\"fa fa-align-left fa-fw\" aria-hidden=\"true\"><\/i>\r\n\t\t\t\t\t<a href=\"https:\/\/studioejarque.com\/index.php\/category\/ferias\/\" rel=\"category tag\">Ferias<\/a>, <a href=\"https:\/\/studioejarque.com\/index.php\/category\/leer-en-espanol\/\" rel=\"category tag\">Leer en espa\u00f1ol<\/a>\t\t\t\t<\/div>\r\n\t\t\t\r\n\t\t\t\t\t<\/div>\r\n\t\t\r\n\t\t\t\t\t<\/div>\r\n\r\n\t\t\t\t\t\t\t<div class=\"premium-blog-content-inner-wrapper\">\r\n\t\t<p class=\"premium-blog-post-content\">\u00a0 \u00a0 \u00a0Studio Ejarque ha participado en la primera edici\u00f3n de FORMA Design Fair, celebrada en Madrid del 5 al 8 de \u2026<\/p>\t\t<\/div>\r\n\t\t\t\t\t\t\t\r\n\t\t\t\t<\/div>\r\n\t\t\t<\/div>\r\n\t\t<\/div>\r\n\r\n\t\t\t\t<div class=\"premium-blog-post-outer-container\" data-total=\"3\">\r\n\t\t\t<div class=\"premium-blog-post-container premium-blog-skin-classic\">\r\n\t\t\t\t\t\t\t\t\t<div class=\"premium-blog-thumb-effect-wrapper\">\r\n\t\t\t\t\t\t<div class=\"premium-blog-thumbnail-container premium-blog-bright-effect\">\r\n\t\t\t\t\t\t\t<img loading=\"lazy\" decoding=\"async\" width=\"1350\" height=\"760\" src=\"https:\/\/i0.wp.com\/studioejarque.com\/wp-content\/uploads\/2026\/02\/base_foto_post.png?fit=1350%2C760&amp;ssl=1\" class=\"attachment-full size-full wp-image-2407\" alt=\"\" \/>\t\t\t\t\t\t<\/div>\r\n\t\t\t\t\t\t\t\t\t\t\t\t\t<div class=\"premium-blog-thumbnail-overlay\">\r\n\t\t\t\t\t\t\t\t<a class=\"elementor-icon\" href=\"https:\/\/studioejarque.com\/index.php\/2026\/02\/12\/studio-ejarque-at-forma-design-fair-madrid-design-festival-2026-duplicate-2406\/\" target=\"_self\"><span>Studio Ejarque en FORMA Design Fair \u2013 Madrid Design Festival 2026<\/span><\/a>\r\n\t\t\t\t\t\t\t<\/div>\r\n\r\n\t\t\t\t\t\t\t\t\t\t\t\t\t\t\t\t\t\t<\/div>\r\n\t\t\t\t\t\t\t\t\t\t\t\t<div class=\"premium-blog-content-wrapper \">\r\n\r\n\t\t\t\t\t<div class=\"premium-blog-inner-container\">\r\n\r\n\t\t\t\t\t\t\t\t\t\t\t\t\t\t<h2 class=\"premium-blog-entry-title\">\r\n\t\t\t<a href=\"https:\/\/studioejarque.com\/index.php\/2026\/02\/12\/studio-ejarque-at-forma-design-fair-madrid-design-festival-2026-duplicate-2406\/\" target=\"_self\">\r\n\t\t\t\tStudio Ejarque en FORMA Design Fair \u2013 Madrid Design Festival 2026\t\t\t<\/a>\r\n\t\t<\/h2>\r\n\t\t\t\t<div class=\"premium-blog-entry-meta\">\r\n\t\t\t\r\n\t\t\t\t\t\t\t<span class=\"premium-blog-meta-separator\">\u2022<\/span>\r\n\t\t\t\t<div class=\"premium-blog-post-time premium-blog-meta-data\">\r\n\t\t\t\t\t<i class=\"fa fa-calendar-alt\" aria-hidden=\"true\"><\/i>\r\n\t\t\t\t\t<span>February 12, 2026<\/span>\r\n\t\t\t\t<\/div>\r\n\t\t\t\r\n\t\t\t\t\t\t\t<span class=\"premium-blog-meta-separator\">\u2022<\/span>\r\n\t\t\t\t<div class=\"premium-blog-post-categories premium-blog-meta-data\">\r\n\t\t\t\t\t<i class=\"fa fa-align-left fa-fw\" aria-hidden=\"true\"><\/i>\r\n\t\t\t\t\t<a href=\"https:\/\/studioejarque.com\/index.php\/category\/ferias\/\" rel=\"category tag\">Ferias<\/a>, <a href=\"https:\/\/studioejarque.com\/index.php\/category\/leer-en-espanol\/\" rel=\"category tag\">Leer en espa\u00f1ol<\/a>\t\t\t\t<\/div>\r\n\t\t\t\r\n\t\t\t\t\t<\/div>\r\n\t\t\r\n\t\t\t\t\t<\/div>\r\n\r\n\t\t\t\t\t\t\t<div class=\"premium-blog-content-inner-wrapper\">\r\n\t\t<p class=\"premium-blog-post-content\">\u00a0 \u00a0 \u00a0Este mes de marzo, Studio Ejarque vuelve a casa y participar\u00e1 en FORMA Design Fair, en el marco del Madrid \u2026<\/p>\t\t<\/div>\r\n\t\t\t\t\t\t\t\r\n\t\t\t\t<\/div>\r\n\t\t\t<\/div>\r\n\t\t<\/div>\r\n\r\n\t\t\t\t<div class=\"premium-blog-post-outer-container\" data-total=\"3\">\r\n\t\t\t<div class=\"premium-blog-post-container premium-blog-skin-classic\">\r\n\t\t\t\t\t\t\t\t\t<div class=\"premium-blog-thumb-effect-wrapper\">\r\n\t\t\t\t\t\t<div class=\"premium-blog-thumbnail-container premium-blog-bright-effect\">\r\n\t\t\t\t\t\t\t<img loading=\"lazy\" decoding=\"async\" width=\"1000\" height=\"563\" src=\"https:\/\/i0.wp.com\/studioejarque.com\/wp-content\/uploads\/2025\/07\/post_copenhaguen_25.jpg?fit=1000%2C563&amp;ssl=1\" class=\"attachment-full size-full wp-image-2363\" alt=\"\" \/>\t\t\t\t\t\t<\/div>\r\n\t\t\t\t\t\t\t\t\t\t\t\t\t<div class=\"premium-blog-thumbnail-overlay\">\r\n\t\t\t\t\t\t\t\t<a class=\"elementor-icon\" href=\"https:\/\/studioejarque.com\/index.php\/2025\/07\/09\/leaky-lamp-i-sigue-continua-viajando-una-parada-en-copenhague-2025\/\" target=\"_self\"><span>Leaky Lamp I sigue continua viajando: una parada en Copenhague 2025<\/span><\/a>\r\n\t\t\t\t\t\t\t<\/div>\r\n\r\n\t\t\t\t\t\t\t\t\t\t\t\t\t\t\t\t\t\t<\/div>\r\n\t\t\t\t\t\t\t\t\t\t\t\t<div class=\"premium-blog-content-wrapper \">\r\n\r\n\t\t\t\t\t<div class=\"premium-blog-inner-container\">\r\n\r\n\t\t\t\t\t\t\t\t\t\t\t\t\t\t<h2 class=\"premium-blog-entry-title\">\r\n\t\t\t<a href=\"https:\/\/studioejarque.com\/index.php\/2025\/07\/09\/leaky-lamp-i-sigue-continua-viajando-una-parada-en-copenhague-2025\/\" target=\"_self\">\r\n\t\t\t\tLeaky Lamp I sigue continua viajando: una parada en Copenhague 2025\t\t\t<\/a>\r\n\t\t<\/h2>\r\n\t\t\t\t<div class=\"premium-blog-entry-meta\">\r\n\t\t\t\r\n\t\t\t\t\t\t\t<span class=\"premium-blog-meta-separator\">\u2022<\/span>\r\n\t\t\t\t<div class=\"premium-blog-post-time premium-blog-meta-data\">\r\n\t\t\t\t\t<i class=\"fa fa-calendar-alt\" aria-hidden=\"true\"><\/i>\r\n\t\t\t\t\t<span>July 9, 2025<\/span>\r\n\t\t\t\t<\/div>\r\n\t\t\t\r\n\t\t\t\t\t\t\t<span class=\"premium-blog-meta-separator\">\u2022<\/span>\r\n\t\t\t\t<div class=\"premium-blog-post-categories premium-blog-meta-data\">\r\n\t\t\t\t\t<i class=\"fa fa-align-left fa-fw\" aria-hidden=\"true\"><\/i>\r\n\t\t\t\t\t<a href=\"https:\/\/studioejarque.com\/index.php\/category\/ferias\/\" rel=\"category tag\">Ferias<\/a>, <a href=\"https:\/\/studioejarque.com\/index.php\/category\/leer-en-espanol\/\" rel=\"category tag\">Leer en espa\u00f1ol<\/a>\t\t\t\t<\/div>\r\n\t\t\t\r\n\t\t\t\t\t<\/div>\r\n\t\t\r\n\t\t\t\t\t<\/div>\r\n\r\n\t\t\t\t\t\t\t<div class=\"premium-blog-content-inner-wrapper\">\r\n\t\t<p class=\"premium-blog-post-content\">\u00a0 \u00a0\u00a0 \u00a0 \u00a0Nuestra Leaky Lamp I acaba de volver de la exposici\u00f3n internacional 15 Minutes of Fame \u2013 OTHER CIRCLE 2025, \u2026<\/p>\t\t<\/div>\r\n\t\t\t\t\t\t\t\r\n\t\t\t\t<\/div>\r\n\t\t\t<\/div>\r\n\t\t<\/div>\r\n\r\n\t\t\t\t<\/div>\r\n\r\n\t\t\t\t\t\t<\/div>\n\t\t\t\t<\/div>\n\t\t\t\t<\/div>\n\t\t<div class=\"elementor-element elementor-element-f4ab181 e-flex e-con-boxed elementor-invisible e-con e-parent\" data-id=\"f4ab181\" data-element_type=\"container\" data-settings=\"{&quot;animation&quot;:&quot;fadeIn&quot;}\">\n\t\t\t\t\t<div class=\"e-con-inner\">\n\t\t\t\t<div class=\"elementor-element elementor-element-66462c1a premium-tcloud__row elementor-invisible elementor-widget elementor-widget-premium-tcloud\" data-id=\"66462c1a\" data-element_type=\"widget\" data-settings=\"{&quot;colors_select&quot;:&quot;custom&quot;,&quot;_animation&quot;:&quot;fadeIn&quot;,&quot;words_order&quot;:&quot;default&quot;,&quot;fsize_scale&quot;:{&quot;unit&quot;:&quot;px&quot;,&quot;size&quot;:0,&quot;sizes&quot;:[]}}\" data-widget_type=\"premium-tcloud.default\">\n\t\t\t\t<div class=\"elementor-widget-container\">\n\t\t\t\t\t\r\n\t\t\t<div class=\"premium-tcloud-container premium-tcloud-default premium-tcloud-hidden\" data-chart=\"{&quot;wordsArr&quot;:[[&quot;Ferias&quot;,7,&quot;https:\\\/\\\/studioejarque.com\\\/index.php\\\/category\\\/ferias\\\/&quot;,&quot;Ferias&quot;,7],[&quot;Leer en espa\\u00f1ol&quot;,7,&quot;https:\\\/\\\/studioejarque.com\\\/index.php\\\/category\\\/leer-en-espanol\\\/&quot;,&quot;Leer en espa\\u00f1ol&quot;,7],[&quot;Furniture Fairs&quot;,7,&quot;https:\\\/\\\/studioejarque.com\\\/index.php\\\/category\\\/furniture-fairs\\\/&quot;,&quot;Furniture Fairs&quot;,7]]}\">\r\n\r\n\t\t\t\t<div class=\"premium-tcloud-canvas-container\">\r\n\r\n\t\t\t\t\t\r\n\r\n\t\t\t\t\t\r\n\t\t\t\t\t\t\r\n\t\t\t\t\t\t\r\n\t\t\t\t\t\t\t\r\n\t\t\t\t\t\t\t\t<div class=\"premium-tcloud-term-wrap\">\r\n\r\n\t\t\t\t\t\t\t\t\t<span class=\"premium-tcloud-term\">\r\n\t\t\t\t\t\t\t\t\t\t<a class=\"premium-tcloud-term-link\" data-weight=\"7\" href=\"https:\/\/studioejarque.com\/index.php\/category\/ferias\/\" title=\"Ferias\" target=\"_top\">Ferias\t\t\t\t\t\t\t\t\t\t\t<span class=\"premium-tcloud-number\">(7)<\/span><\/a>\r\n\t\t\t\t\t\t\t\t\t<\/span>\r\n\t\t\t\t\t\t\t\t<\/div>\r\n\t\t\t\t\t\t\t\t\t\t\t\t\t\r\n\t\t\t\t\t\t\t\r\n\t\t\t\t\t\t\t\t<div class=\"premium-tcloud-term-wrap\">\r\n\r\n\t\t\t\t\t\t\t\t\t<span class=\"premium-tcloud-term\">\r\n\t\t\t\t\t\t\t\t\t\t<a class=\"premium-tcloud-term-link\" data-weight=\"7\" href=\"https:\/\/studioejarque.com\/index.php\/category\/leer-en-espanol\/\" title=\"Leer en espa\u00f1ol\" target=\"_top\">Leer en espa\u00f1ol\t\t\t\t\t\t\t\t\t\t\t<span class=\"premium-tcloud-number\">(7)<\/span><\/a>\r\n\t\t\t\t\t\t\t\t\t<\/span>\r\n\t\t\t\t\t\t\t\t<\/div>\r\n\t\t\t\t\t\t\t\t\t\t\t\t\t\r\n\t\t\t\t\t\t\t\r\n\t\t\t\t\t\t\t\t<div class=\"premium-tcloud-term-wrap\">\r\n\r\n\t\t\t\t\t\t\t\t\t<span class=\"premium-tcloud-term\">\r\n\t\t\t\t\t\t\t\t\t\t<a class=\"premium-tcloud-term-link\" data-weight=\"7\" href=\"https:\/\/studioejarque.com\/index.php\/category\/furniture-fairs\/\" title=\"Furniture Fairs\" target=\"_top\">Furniture Fairs\t\t\t\t\t\t\t\t\t\t\t<span class=\"premium-tcloud-number\">(7)<\/span><\/a>\r\n\t\t\t\t\t\t\t\t\t<\/span>\r\n\t\t\t\t\t\t\t\t<\/div>\r\n\t\t\t\t\t\t\t\t\t\t\t\t\t\r\n\t\t\t\t\t\t\t\t\t\t\t\r\n\t\t\t\t<\/div>\r\n\r\n\t\t\t<\/div>\r\n\r\n\t\t\t\t\t\t<\/div>\n\t\t\t\t<\/div>\n\t\t\t\t\t<\/div>\n\t\t\t\t<\/div>\n\t\t<div class=\"elementor-element elementor-element-7292fb36 e-flex e-con-boxed elementor-invisible e-con e-parent\" data-id=\"7292fb36\" data-element_type=\"container\" data-settings=\"{&quot;animation&quot;:&quot;fadeIn&quot;}\">\n\t\t\t\t\t<div class=\"e-con-inner\">\n\t\t<div class=\"elementor-element elementor-element-4ff99945 e-con-full e-flex e-con e-child\" data-id=\"4ff99945\" data-element_type=\"container\">\n\t\t<div class=\"elementor-element elementor-element-49981d17 e-con-full e-flex elementor-invisible e-con e-child\" data-id=\"49981d17\" data-element_type=\"container\" data-settings=\"{&quot;animation&quot;:&quot;fadeIn&quot;}\">\n\t\t\t\t<div class=\"elementor-element elementor-element-2855e84d elementor-shape-circle e-grid-align-right elementor-grid-0 elementor-widget elementor-widget-social-icons\" data-id=\"2855e84d\" data-element_type=\"widget\" data-widget_type=\"social-icons.default\">\n\t\t\t\t<div class=\"elementor-widget-container\">\n\t\t\t\t\t\t\t<div class=\"elementor-social-icons-wrapper elementor-grid\">\n\t\t\t\t\t\t\t<span class=\"elementor-grid-item\">\n\t\t\t\t\t<a class=\"elementor-icon elementor-social-icon elementor-social-icon-instagram elementor-repeater-item-83592f9\" href=\"https:\/\/www.instagram.com\/studioejarque\/\" target=\"_blank\">\n\t\t\t\t\t\t<span class=\"elementor-screen-only\">Instagram<\/span>\n\t\t\t\t\t\t<svg class=\"e-font-icon-svg e-fab-instagram\" viewBox=\"0 0 448 512\" xmlns=\"http:\/\/www.w3.org\/2000\/svg\"><path d=\"M224.1 141c-63.6 0-114.9 51.3-114.9 114.9s51.3 114.9 114.9 114.9S339 319.5 339 255.9 287.7 141 224.1 141zm0 189.6c-41.1 0-74.7-33.5-74.7-74.7s33.5-74.7 74.7-74.7 74.7 33.5 74.7 74.7-33.6 74.7-74.7 74.7zm146.4-194.3c0 14.9-12 26.8-26.8 26.8-14.9 0-26.8-12-26.8-26.8s12-26.8 26.8-26.8 26.8 12 26.8 26.8zm76.1 27.2c-1.7-35.9-9.9-67.7-36.2-93.9-26.2-26.2-58-34.4-93.9-36.2-37-2.1-147.9-2.1-184.9 0-35.8 1.7-67.6 9.9-93.9 36.1s-34.4 58-36.2 93.9c-2.1 37-2.1 147.9 0 184.9 1.7 35.9 9.9 67.7 36.2 93.9s58 34.4 93.9 36.2c37 2.1 147.9 2.1 184.9 0 35.9-1.7 67.7-9.9 93.9-36.2 26.2-26.2 34.4-58 36.2-93.9 2.1-37 2.1-147.8 0-184.8zM398.8 388c-7.8 19.6-22.9 34.7-42.6 42.6-29.5 11.7-99.5 9-132.1 9s-102.7 2.6-132.1-9c-19.6-7.8-34.7-22.9-42.6-42.6-11.7-29.5-9-99.5-9-132.1s-2.6-102.7 9-132.1c7.8-19.6 22.9-34.7 42.6-42.6 29.5-11.7 99.5-9 132.1-9s102.7-2.6 132.1 9c19.6 7.8 34.7 22.9 42.6 42.6 11.7 29.5 9 99.5 9 132.1s2.7 102.7-9 132.1z\"><\/path><\/svg>\t\t\t\t\t<\/a>\n\t\t\t\t<\/span>\n\t\t\t\t\t\t\t<span class=\"elementor-grid-item\">\n\t\t\t\t\t<a class=\"elementor-icon elementor-social-icon elementor-social-icon-envelope elementor-repeater-item-4591d03\" href=\"https:\/\/studioejarque.com\/index.php\/contact\/\" target=\"_blank\">\n\t\t\t\t\t\t<span class=\"elementor-screen-only\">Envelope<\/span>\n\t\t\t\t\t\t<svg class=\"e-font-icon-svg e-far-envelope\" viewBox=\"0 0 512 512\" xmlns=\"http:\/\/www.w3.org\/2000\/svg\"><path d=\"M464 64H48C21.49 64 0 85.49 0 112v288c0 26.51 21.49 48 48 48h416c26.51 0 48-21.49 48-48V112c0-26.51-21.49-48-48-48zm0 48v40.805c-22.422 18.259-58.168 46.651-134.587 106.49-16.841 13.247-50.201 45.072-73.413 44.701-23.208.375-56.579-31.459-73.413-44.701C106.18 199.465 70.425 171.067 48 152.805V112h416zM48 400V214.398c22.914 18.251 55.409 43.862 104.938 82.646 21.857 17.205 60.134 55.186 103.062 54.955 42.717.231 80.509-37.199 103.053-54.947 49.528-38.783 82.032-64.401 104.947-82.653V400H48z\"><\/path><\/svg>\t\t\t\t\t<\/a>\n\t\t\t\t<\/span>\n\t\t\t\t\t\t\t<span class=\"elementor-grid-item\">\n\t\t\t\t\t<a class=\"elementor-icon elementor-social-icon elementor-social-icon-shopping-bag elementor-repeater-item-f97f457\" href=\"https:\/\/adorno.design\/members\/pabloejarquegonzalez\/pieces\/\" target=\"_blank\">\n\t\t\t\t\t\t<span class=\"elementor-screen-only\">Shopping-bag<\/span>\n\t\t\t\t\t\t<svg class=\"e-font-icon-svg e-fas-shopping-bag\" viewBox=\"0 0 448 512\" xmlns=\"http:\/\/www.w3.org\/2000\/svg\"><path d=\"M352 160v-32C352 57.42 294.579 0 224 0 153.42 0 96 57.42 96 128v32H0v272c0 44.183 35.817 80 80 80h288c44.183 0 80-35.817 80-80V160h-96zm-192-32c0-35.29 28.71-64 64-64s64 28.71 64 64v32H160v-32zm160 120c-13.255 0-24-10.745-24-24s10.745-24 24-24 24 10.745 24 24-10.745 24-24 24zm-192 0c-13.255 0-24-10.745-24-24s10.745-24 24-24 24 10.745 24 24-10.745 24-24 24z\"><\/path><\/svg>\t\t\t\t\t<\/a>\n\t\t\t\t<\/span>\n\t\t\t\t\t<\/div>\n\t\t\t\t\t\t<\/div>\n\t\t\t\t<\/div>\n\t\t\t\t<\/div>\n\t\t\t\t<\/div>\n\t\t\t\t\t<\/div>\n\t\t\t\t<\/div>\n\t\t\t\t<\/div>\n\t\t","protected":false},"excerpt":{"rendered":"<p>\u00a0 \u00a0 \u00a0Frankfurt, Febrero de 2025 \u2014 Tras su debut europeo en Estocolmo, Studio Ejarque continu\u00f3 su recorrido por las principales ferias de dise\u00f1o del continente con una destacada participaci\u00f3n en Ambiente Frankfurt 2025. Invitado a formar parte de Talents, la plataforma que re\u00fane a dise\u00f1adores emergentes de todo el mundo, el estudio se sum\u00f3 [&hellip;]<\/p>\n","protected":false},"author":1,"featured_media":1994,"comment_status":"closed","ping_status":"open","sticky":false,"template":"elementor_header_footer","format":"standard","meta":{"_jetpack_memberships_contains_paid_content":false,"footnotes":""},"categories":[8,9],"tags":[],"class_list":["post-2066","post","type-post","status-publish","format-standard","has-post-thumbnail","hentry","category-ferias","category-leer-en-espanol"],"yoast_head":"<!-- This site is optimized with the Yoast SEO plugin v25.1 - https:\/\/yoast.com\/wordpress\/plugins\/seo\/ -->\n<title>Fuego, Forma y Espejos: Studio Ejarque en la plataforma Talents de la Feria del Mueble de Frankfurt - Studio Ejarque<\/title>\n<meta name=\"robots\" content=\"index, follow, max-snippet:-1, max-image-preview:large, max-video-preview:-1\" \/>\n<link rel=\"canonical\" href=\"https:\/\/studioejarque.com\/index.php\/2025\/05\/09\/fuego-forma-y-espejos-studio-ejarque-en-la-plataforma-talents-de-la-feria-del-mueble-de-frankfurt\/\" \/>\n<meta property=\"og:locale\" content=\"en_US\" \/>\n<meta property=\"og:type\" content=\"article\" \/>\n<meta property=\"og:title\" content=\"Fuego, Forma y Espejos: Studio Ejarque en la plataforma Talents de la Feria del Mueble de Frankfurt - Studio Ejarque\" \/>\n<meta property=\"og:description\" content=\"\u00a0 \u00a0 \u00a0Frankfurt, Febrero de 2025 \u2014 Tras su debut europeo en Estocolmo, Studio Ejarque continu\u00f3 su recorrido por las principales ferias de dise\u00f1o del continente con una destacada participaci\u00f3n en Ambiente Frankfurt 2025. Invitado a formar parte de Talents, la plataforma que re\u00fane a dise\u00f1adores emergentes de todo el mundo, el estudio se sum\u00f3 [&hellip;]\" \/>\n<meta property=\"og:url\" content=\"https:\/\/studioejarque.com\/index.php\/2025\/05\/09\/fuego-forma-y-espejos-studio-ejarque-en-la-plataforma-talents-de-la-feria-del-mueble-de-frankfurt\/\" \/>\n<meta property=\"og:site_name\" content=\"Studio Ejarque\" \/>\n<meta property=\"article:published_time\" content=\"2025-05-09T00:46:48+00:00\" \/>\n<meta property=\"article:modified_time\" content=\"2025-05-09T13:13:29+00:00\" \/>\n<meta property=\"og:image\" content=\"https:\/\/studioejarque.com\/wp-content\/uploads\/2025\/05\/Frankfurt_ambiente_ejarque_2025.jpg\" \/>\n\t<meta property=\"og:image:width\" content=\"1000\" \/>\n\t<meta property=\"og:image:height\" content=\"563\" \/>\n\t<meta property=\"og:image:type\" content=\"image\/jpeg\" \/>\n<meta name=\"author\" content=\"Ejarque\" \/>\n<meta name=\"twitter:card\" content=\"summary_large_image\" \/>\n<meta name=\"twitter:label1\" content=\"Written by\" \/>\n\t<meta name=\"twitter:data1\" content=\"Ejarque\" \/>\n\t<meta name=\"twitter:label2\" content=\"Est. reading time\" \/>\n\t<meta name=\"twitter:data2\" content=\"3 minutes\" \/>\n<script type=\"application\/ld+json\" class=\"yoast-schema-graph\">{\"@context\":\"https:\/\/schema.org\",\"@graph\":[{\"@type\":\"Article\",\"@id\":\"https:\/\/studioejarque.com\/index.php\/2025\/05\/09\/fuego-forma-y-espejos-studio-ejarque-en-la-plataforma-talents-de-la-feria-del-mueble-de-frankfurt\/#article\",\"isPartOf\":{\"@id\":\"https:\/\/studioejarque.com\/index.php\/2025\/05\/09\/fuego-forma-y-espejos-studio-ejarque-en-la-plataforma-talents-de-la-feria-del-mueble-de-frankfurt\/\"},\"author\":{\"name\":\"Ejarque\",\"@id\":\"https:\/\/studioejarque.com\/#\/schema\/person\/f45ea5aaf9f1caa0f4f9c25e80dbd8c9\"},\"headline\":\"Fuego, Forma y Espejos: Studio Ejarque en la plataforma Talents de la Feria del Mueble de Frankfurt\",\"datePublished\":\"2025-05-09T00:46:48+00:00\",\"dateModified\":\"2025-05-09T13:13:29+00:00\",\"mainEntityOfPage\":{\"@id\":\"https:\/\/studioejarque.com\/index.php\/2025\/05\/09\/fuego-forma-y-espejos-studio-ejarque-en-la-plataforma-talents-de-la-feria-del-mueble-de-frankfurt\/\"},\"wordCount\":445,\"publisher\":{\"@id\":\"https:\/\/studioejarque.com\/#organization\"},\"image\":{\"@id\":\"https:\/\/studioejarque.com\/index.php\/2025\/05\/09\/fuego-forma-y-espejos-studio-ejarque-en-la-plataforma-talents-de-la-feria-del-mueble-de-frankfurt\/#primaryimage\"},\"thumbnailUrl\":\"https:\/\/i0.wp.com\/studioejarque.com\/wp-content\/uploads\/2025\/05\/Frankfurt_ambiente_ejarque_2025.jpg?fit=1000%2C563&ssl=1\",\"articleSection\":[\"Ferias\",\"Leer en espa\u00f1ol\"],\"inLanguage\":\"en-US\"},{\"@type\":\"WebPage\",\"@id\":\"https:\/\/studioejarque.com\/index.php\/2025\/05\/09\/fuego-forma-y-espejos-studio-ejarque-en-la-plataforma-talents-de-la-feria-del-mueble-de-frankfurt\/\",\"url\":\"https:\/\/studioejarque.com\/index.php\/2025\/05\/09\/fuego-forma-y-espejos-studio-ejarque-en-la-plataforma-talents-de-la-feria-del-mueble-de-frankfurt\/\",\"name\":\"Fuego, Forma y Espejos: Studio Ejarque en la plataforma Talents de la Feria del Mueble de Frankfurt - Studio Ejarque\",\"isPartOf\":{\"@id\":\"https:\/\/studioejarque.com\/#website\"},\"primaryImageOfPage\":{\"@id\":\"https:\/\/studioejarque.com\/index.php\/2025\/05\/09\/fuego-forma-y-espejos-studio-ejarque-en-la-plataforma-talents-de-la-feria-del-mueble-de-frankfurt\/#primaryimage\"},\"image\":{\"@id\":\"https:\/\/studioejarque.com\/index.php\/2025\/05\/09\/fuego-forma-y-espejos-studio-ejarque-en-la-plataforma-talents-de-la-feria-del-mueble-de-frankfurt\/#primaryimage\"},\"thumbnailUrl\":\"https:\/\/i0.wp.com\/studioejarque.com\/wp-content\/uploads\/2025\/05\/Frankfurt_ambiente_ejarque_2025.jpg?fit=1000%2C563&ssl=1\",\"datePublished\":\"2025-05-09T00:46:48+00:00\",\"dateModified\":\"2025-05-09T13:13:29+00:00\",\"breadcrumb\":{\"@id\":\"https:\/\/studioejarque.com\/index.php\/2025\/05\/09\/fuego-forma-y-espejos-studio-ejarque-en-la-plataforma-talents-de-la-feria-del-mueble-de-frankfurt\/#breadcrumb\"},\"inLanguage\":\"en-US\",\"potentialAction\":[{\"@type\":\"ReadAction\",\"target\":[\"https:\/\/studioejarque.com\/index.php\/2025\/05\/09\/fuego-forma-y-espejos-studio-ejarque-en-la-plataforma-talents-de-la-feria-del-mueble-de-frankfurt\/\"]}]},{\"@type\":\"ImageObject\",\"inLanguage\":\"en-US\",\"@id\":\"https:\/\/studioejarque.com\/index.php\/2025\/05\/09\/fuego-forma-y-espejos-studio-ejarque-en-la-plataforma-talents-de-la-feria-del-mueble-de-frankfurt\/#primaryimage\",\"url\":\"https:\/\/i0.wp.com\/studioejarque.com\/wp-content\/uploads\/2025\/05\/Frankfurt_ambiente_ejarque_2025.jpg?fit=1000%2C563&ssl=1\",\"contentUrl\":\"https:\/\/i0.wp.com\/studioejarque.com\/wp-content\/uploads\/2025\/05\/Frankfurt_ambiente_ejarque_2025.jpg?fit=1000%2C563&ssl=1\",\"width\":1000,\"height\":563},{\"@type\":\"BreadcrumbList\",\"@id\":\"https:\/\/studioejarque.com\/index.php\/2025\/05\/09\/fuego-forma-y-espejos-studio-ejarque-en-la-plataforma-talents-de-la-feria-del-mueble-de-frankfurt\/#breadcrumb\",\"itemListElement\":[{\"@type\":\"ListItem\",\"position\":1,\"name\":\"Portada\",\"item\":\"https:\/\/studioejarque.com\/\"},{\"@type\":\"ListItem\",\"position\":2,\"name\":\"Fuego, Forma y Espejos: Studio Ejarque en la plataforma Talents de la Feria del Mueble de Frankfurt\"}]},{\"@type\":\"WebSite\",\"@id\":\"https:\/\/studioejarque.com\/#website\",\"url\":\"https:\/\/studioejarque.com\/\",\"name\":\"Studio Ejarque\",\"description\":\"Just design\",\"publisher\":{\"@id\":\"https:\/\/studioejarque.com\/#organization\"},\"potentialAction\":[{\"@type\":\"SearchAction\",\"target\":{\"@type\":\"EntryPoint\",\"urlTemplate\":\"https:\/\/studioejarque.com\/?s={search_term_string}\"},\"query-input\":{\"@type\":\"PropertyValueSpecification\",\"valueRequired\":true,\"valueName\":\"search_term_string\"}}],\"inLanguage\":\"en-US\"},{\"@type\":\"Organization\",\"@id\":\"https:\/\/studioejarque.com\/#organization\",\"name\":\"Studio Ejarque\",\"url\":\"https:\/\/studioejarque.com\/\",\"logo\":{\"@type\":\"ImageObject\",\"inLanguage\":\"en-US\",\"@id\":\"https:\/\/studioejarque.com\/#\/schema\/logo\/image\/\",\"url\":\"https:\/\/i0.wp.com\/studioejarque.com\/wp-content\/uploads\/2025\/03\/cropped-logo_ejarque_final.png?fit=1630%2C380&ssl=1\",\"contentUrl\":\"https:\/\/i0.wp.com\/studioejarque.com\/wp-content\/uploads\/2025\/03\/cropped-logo_ejarque_final.png?fit=1630%2C380&ssl=1\",\"width\":1630,\"height\":380,\"caption\":\"Studio Ejarque\"},\"image\":{\"@id\":\"https:\/\/studioejarque.com\/#\/schema\/logo\/image\/\"}},{\"@type\":\"Person\",\"@id\":\"https:\/\/studioejarque.com\/#\/schema\/person\/f45ea5aaf9f1caa0f4f9c25e80dbd8c9\",\"name\":\"Ejarque\",\"image\":{\"@type\":\"ImageObject\",\"inLanguage\":\"en-US\",\"@id\":\"https:\/\/studioejarque.com\/#\/schema\/person\/image\/\",\"url\":\"https:\/\/secure.gravatar.com\/avatar\/b873e9edbf620b5d5015095d9c0d7a93c4694075bd2883514a988e058f0f09c7?s=96&d=mm&r=g\",\"contentUrl\":\"https:\/\/secure.gravatar.com\/avatar\/b873e9edbf620b5d5015095d9c0d7a93c4694075bd2883514a988e058f0f09c7?s=96&d=mm&r=g\",\"caption\":\"Ejarque\"},\"sameAs\":[\"http:\/\/studioejarque.com\"],\"url\":\"https:\/\/studioejarque.com\/index.php\/author\/admin\/\"}]}<\/script>\n<!-- \/ Yoast SEO plugin. -->","yoast_head_json":{"title":"Fuego, Forma y Espejos: Studio Ejarque en la plataforma Talents de la Feria del Mueble de Frankfurt - Studio Ejarque","robots":{"index":"index","follow":"follow","max-snippet":"max-snippet:-1","max-image-preview":"max-image-preview:large","max-video-preview":"max-video-preview:-1"},"canonical":"https:\/\/studioejarque.com\/index.php\/2025\/05\/09\/fuego-forma-y-espejos-studio-ejarque-en-la-plataforma-talents-de-la-feria-del-mueble-de-frankfurt\/","og_locale":"en_US","og_type":"article","og_title":"Fuego, Forma y Espejos: Studio Ejarque en la plataforma Talents de la Feria del Mueble de Frankfurt - Studio Ejarque","og_description":"\u00a0 \u00a0 \u00a0Frankfurt, Febrero de 2025 \u2014 Tras su debut europeo en Estocolmo, Studio Ejarque continu\u00f3 su recorrido por las principales ferias de dise\u00f1o del continente con una destacada participaci\u00f3n en Ambiente Frankfurt 2025. Invitado a formar parte de Talents, la plataforma que re\u00fane a dise\u00f1adores emergentes de todo el mundo, el estudio se sum\u00f3 [&hellip;]","og_url":"https:\/\/studioejarque.com\/index.php\/2025\/05\/09\/fuego-forma-y-espejos-studio-ejarque-en-la-plataforma-talents-de-la-feria-del-mueble-de-frankfurt\/","og_site_name":"Studio Ejarque","article_published_time":"2025-05-09T00:46:48+00:00","article_modified_time":"2025-05-09T13:13:29+00:00","og_image":[{"width":1000,"height":563,"url":"https:\/\/studioejarque.com\/wp-content\/uploads\/2025\/05\/Frankfurt_ambiente_ejarque_2025.jpg","type":"image\/jpeg"}],"author":"Ejarque","twitter_card":"summary_large_image","twitter_misc":{"Written by":"Ejarque","Est. reading time":"3 minutes"},"schema":{"@context":"https:\/\/schema.org","@graph":[{"@type":"Article","@id":"https:\/\/studioejarque.com\/index.php\/2025\/05\/09\/fuego-forma-y-espejos-studio-ejarque-en-la-plataforma-talents-de-la-feria-del-mueble-de-frankfurt\/#article","isPartOf":{"@id":"https:\/\/studioejarque.com\/index.php\/2025\/05\/09\/fuego-forma-y-espejos-studio-ejarque-en-la-plataforma-talents-de-la-feria-del-mueble-de-frankfurt\/"},"author":{"name":"Ejarque","@id":"https:\/\/studioejarque.com\/#\/schema\/person\/f45ea5aaf9f1caa0f4f9c25e80dbd8c9"},"headline":"Fuego, Forma y Espejos: Studio Ejarque en la plataforma Talents de la Feria del Mueble de Frankfurt","datePublished":"2025-05-09T00:46:48+00:00","dateModified":"2025-05-09T13:13:29+00:00","mainEntityOfPage":{"@id":"https:\/\/studioejarque.com\/index.php\/2025\/05\/09\/fuego-forma-y-espejos-studio-ejarque-en-la-plataforma-talents-de-la-feria-del-mueble-de-frankfurt\/"},"wordCount":445,"publisher":{"@id":"https:\/\/studioejarque.com\/#organization"},"image":{"@id":"https:\/\/studioejarque.com\/index.php\/2025\/05\/09\/fuego-forma-y-espejos-studio-ejarque-en-la-plataforma-talents-de-la-feria-del-mueble-de-frankfurt\/#primaryimage"},"thumbnailUrl":"https:\/\/i0.wp.com\/studioejarque.com\/wp-content\/uploads\/2025\/05\/Frankfurt_ambiente_ejarque_2025.jpg?fit=1000%2C563&ssl=1","articleSection":["Ferias","Leer en espa\u00f1ol"],"inLanguage":"en-US"},{"@type":"WebPage","@id":"https:\/\/studioejarque.com\/index.php\/2025\/05\/09\/fuego-forma-y-espejos-studio-ejarque-en-la-plataforma-talents-de-la-feria-del-mueble-de-frankfurt\/","url":"https:\/\/studioejarque.com\/index.php\/2025\/05\/09\/fuego-forma-y-espejos-studio-ejarque-en-la-plataforma-talents-de-la-feria-del-mueble-de-frankfurt\/","name":"Fuego, Forma y Espejos: Studio Ejarque en la plataforma Talents de la Feria del Mueble de Frankfurt - Studio Ejarque","isPartOf":{"@id":"https:\/\/studioejarque.com\/#website"},"primaryImageOfPage":{"@id":"https:\/\/studioejarque.com\/index.php\/2025\/05\/09\/fuego-forma-y-espejos-studio-ejarque-en-la-plataforma-talents-de-la-feria-del-mueble-de-frankfurt\/#primaryimage"},"image":{"@id":"https:\/\/studioejarque.com\/index.php\/2025\/05\/09\/fuego-forma-y-espejos-studio-ejarque-en-la-plataforma-talents-de-la-feria-del-mueble-de-frankfurt\/#primaryimage"},"thumbnailUrl":"https:\/\/i0.wp.com\/studioejarque.com\/wp-content\/uploads\/2025\/05\/Frankfurt_ambiente_ejarque_2025.jpg?fit=1000%2C563&ssl=1","datePublished":"2025-05-09T00:46:48+00:00","dateModified":"2025-05-09T13:13:29+00:00","breadcrumb":{"@id":"https:\/\/studioejarque.com\/index.php\/2025\/05\/09\/fuego-forma-y-espejos-studio-ejarque-en-la-plataforma-talents-de-la-feria-del-mueble-de-frankfurt\/#breadcrumb"},"inLanguage":"en-US","potentialAction":[{"@type":"ReadAction","target":["https:\/\/studioejarque.com\/index.php\/2025\/05\/09\/fuego-forma-y-espejos-studio-ejarque-en-la-plataforma-talents-de-la-feria-del-mueble-de-frankfurt\/"]}]},{"@type":"ImageObject","inLanguage":"en-US","@id":"https:\/\/studioejarque.com\/index.php\/2025\/05\/09\/fuego-forma-y-espejos-studio-ejarque-en-la-plataforma-talents-de-la-feria-del-mueble-de-frankfurt\/#primaryimage","url":"https:\/\/i0.wp.com\/studioejarque.com\/wp-content\/uploads\/2025\/05\/Frankfurt_ambiente_ejarque_2025.jpg?fit=1000%2C563&ssl=1","contentUrl":"https:\/\/i0.wp.com\/studioejarque.com\/wp-content\/uploads\/2025\/05\/Frankfurt_ambiente_ejarque_2025.jpg?fit=1000%2C563&ssl=1","width":1000,"height":563},{"@type":"BreadcrumbList","@id":"https:\/\/studioejarque.com\/index.php\/2025\/05\/09\/fuego-forma-y-espejos-studio-ejarque-en-la-plataforma-talents-de-la-feria-del-mueble-de-frankfurt\/#breadcrumb","itemListElement":[{"@type":"ListItem","position":1,"name":"Portada","item":"https:\/\/studioejarque.com\/"},{"@type":"ListItem","position":2,"name":"Fuego, Forma y Espejos: Studio Ejarque en la plataforma Talents de la Feria del Mueble de Frankfurt"}]},{"@type":"WebSite","@id":"https:\/\/studioejarque.com\/#website","url":"https:\/\/studioejarque.com\/","name":"Studio Ejarque","description":"Just design","publisher":{"@id":"https:\/\/studioejarque.com\/#organization"},"potentialAction":[{"@type":"SearchAction","target":{"@type":"EntryPoint","urlTemplate":"https:\/\/studioejarque.com\/?s={search_term_string}"},"query-input":{"@type":"PropertyValueSpecification","valueRequired":true,"valueName":"search_term_string"}}],"inLanguage":"en-US"},{"@type":"Organization","@id":"https:\/\/studioejarque.com\/#organization","name":"Studio Ejarque","url":"https:\/\/studioejarque.com\/","logo":{"@type":"ImageObject","inLanguage":"en-US","@id":"https:\/\/studioejarque.com\/#\/schema\/logo\/image\/","url":"https:\/\/i0.wp.com\/studioejarque.com\/wp-content\/uploads\/2025\/03\/cropped-logo_ejarque_final.png?fit=1630%2C380&ssl=1","contentUrl":"https:\/\/i0.wp.com\/studioejarque.com\/wp-content\/uploads\/2025\/03\/cropped-logo_ejarque_final.png?fit=1630%2C380&ssl=1","width":1630,"height":380,"caption":"Studio Ejarque"},"image":{"@id":"https:\/\/studioejarque.com\/#\/schema\/logo\/image\/"}},{"@type":"Person","@id":"https:\/\/studioejarque.com\/#\/schema\/person\/f45ea5aaf9f1caa0f4f9c25e80dbd8c9","name":"Ejarque","image":{"@type":"ImageObject","inLanguage":"en-US","@id":"https:\/\/studioejarque.com\/#\/schema\/person\/image\/","url":"https:\/\/secure.gravatar.com\/avatar\/b873e9edbf620b5d5015095d9c0d7a93c4694075bd2883514a988e058f0f09c7?s=96&d=mm&r=g","contentUrl":"https:\/\/secure.gravatar.com\/avatar\/b873e9edbf620b5d5015095d9c0d7a93c4694075bd2883514a988e058f0f09c7?s=96&d=mm&r=g","caption":"Ejarque"},"sameAs":["http:\/\/studioejarque.com"],"url":"https:\/\/studioejarque.com\/index.php\/author\/admin\/"}]}},"jetpack_featured_media_url":"https:\/\/i0.wp.com\/studioejarque.com\/wp-content\/uploads\/2025\/05\/Frankfurt_ambiente_ejarque_2025.jpg?fit=1000%2C563&ssl=1","jetpack_sharing_enabled":true,"_links":{"self":[{"href":"https:\/\/studioejarque.com\/index.php\/wp-json\/wp\/v2\/posts\/2066","targetHints":{"allow":["GET"]}}],"collection":[{"href":"https:\/\/studioejarque.com\/index.php\/wp-json\/wp\/v2\/posts"}],"about":[{"href":"https:\/\/studioejarque.com\/index.php\/wp-json\/wp\/v2\/types\/post"}],"author":[{"embeddable":true,"href":"https:\/\/studioejarque.com\/index.php\/wp-json\/wp\/v2\/users\/1"}],"replies":[{"embeddable":true,"href":"https:\/\/studioejarque.com\/index.php\/wp-json\/wp\/v2\/comments?post=2066"}],"version-history":[{"count":7,"href":"https:\/\/studioejarque.com\/index.php\/wp-json\/wp\/v2\/posts\/2066\/revisions"}],"predecessor-version":[{"id":2116,"href":"https:\/\/studioejarque.com\/index.php\/wp-json\/wp\/v2\/posts\/2066\/revisions\/2116"}],"wp:featuredmedia":[{"embeddable":true,"href":"https:\/\/studioejarque.com\/index.php\/wp-json\/wp\/v2\/media\/1994"}],"wp:attachment":[{"href":"https:\/\/studioejarque.com\/index.php\/wp-json\/wp\/v2\/media?parent=2066"}],"wp:term":[{"taxonomy":"category","embeddable":true,"href":"https:\/\/studioejarque.com\/index.php\/wp-json\/wp\/v2\/categories?post=2066"},{"taxonomy":"post_tag","embeddable":true,"href":"https:\/\/studioejarque.com\/index.php\/wp-json\/wp\/v2\/tags?post=2066"}],"curies":[{"name":"wp","href":"https:\/\/api.w.org\/{rel}","templated":true}]}}