{"id":2047,"date":"2025-05-08T23:47:28","date_gmt":"2025-05-08T23:47:28","guid":{"rendered":"https:\/\/studioejarque.com\/?p=2047"},"modified":"2025-05-09T12:53:37","modified_gmt":"2025-05-09T12:53:37","slug":"primer-paso-en-europa-el-debut-de-studio-ejarque-en-la-feria-del-mueble-de-estocolmo-2025","status":"publish","type":"post","link":"https:\/\/studioejarque.com\/index.php\/2025\/05\/08\/primer-paso-en-europa-el-debut-de-studio-ejarque-en-la-feria-del-mueble-de-estocolmo-2025\/","title":{"rendered":"Primeros pasos en Europa: el debut de Studio Ejarque en la Feria del Mueble de Estocolmo 2025"},"content":{"rendered":"\t\t<div data-elementor-type=\"wp-post\" data-elementor-id=\"2047\" class=\"elementor elementor-2047\">\n\t\t\t\t<div class=\"elementor-element elementor-element-31101c19 e-flex e-con-boxed elementor-invisible e-con e-parent\" data-id=\"31101c19\" data-element_type=\"container\" data-settings=\"{&quot;animation&quot;:&quot;fadeIn&quot;}\">\n\t\t\t\t\t<div class=\"e-con-inner\">\n\t\t\t\t<div class=\"elementor-element elementor-element-d4bbcde elementor-widget elementor-widget-image\" data-id=\"d4bbcde\" data-element_type=\"widget\" data-widget_type=\"image.default\">\n\t\t\t\t<div class=\"elementor-widget-container\">\n\t\t\t\t\t\t\t\t\t\t\t\t\t\t\t<img loading=\"lazy\" decoding=\"async\" width=\"1000\" height=\"563\" src=\"https:\/\/i0.wp.com\/studioejarque.com\/wp-content\/uploads\/2025\/05\/stockholm_FF_Ejarque_2025_03.jpg?fit=1000%2C563&amp;ssl=1\" class=\"attachment-large size-large wp-image-1963\" alt=\"\" srcset=\"https:\/\/i0.wp.com\/studioejarque.com\/wp-content\/uploads\/2025\/05\/stockholm_FF_Ejarque_2025_03.jpg?w=1000&amp;ssl=1 1000w, https:\/\/i0.wp.com\/studioejarque.com\/wp-content\/uploads\/2025\/05\/stockholm_FF_Ejarque_2025_03.jpg?resize=300%2C169&amp;ssl=1 300w, https:\/\/i0.wp.com\/studioejarque.com\/wp-content\/uploads\/2025\/05\/stockholm_FF_Ejarque_2025_03.jpg?resize=768%2C432&amp;ssl=1 768w\" sizes=\"auto, (max-width: 1000px) 100vw, 1000px\" \/>\t\t\t\t\t\t\t\t\t\t\t\t\t\t\t<\/div>\n\t\t\t\t<\/div>\n\t\t\t\t<div class=\"elementor-element elementor-element-6a91587 elementor-widget-divider--view-line elementor-widget elementor-widget-divider\" data-id=\"6a91587\" data-element_type=\"widget\" data-widget_type=\"divider.default\">\n\t\t\t\t<div class=\"elementor-widget-container\">\n\t\t\t\t\t\t\t<div class=\"elementor-divider\">\n\t\t\t<span class=\"elementor-divider-separator\">\n\t\t\t\t\t\t<\/span>\n\t\t<\/div>\n\t\t\t\t\t\t<\/div>\n\t\t\t\t<\/div>\n\t\t\t\t\t<\/div>\n\t\t\t\t<\/div>\n\t\t<div class=\"elementor-element elementor-element-5035bdb4 e-con-full e-flex elementor-invisible e-con e-parent\" data-id=\"5035bdb4\" data-element_type=\"container\" data-settings=\"{&quot;animation&quot;:&quot;fadeIn&quot;}\">\n\t\t\t\t<div class=\"elementor-element elementor-element-724b9185 elementor-widget elementor-widget-text-editor\" data-id=\"724b9185\" data-element_type=\"widget\" data-widget_type=\"text-editor.default\">\n\t\t\t\t<div class=\"elementor-widget-container\">\n\t\t\t\t\t\t\t\t\t<p class=\"\" data-start=\"346\" data-end=\"690\"><strong><em data-start=\"346\" data-end=\"371\">\u00a0 \u00a0 \u00a0Estocolmo, Febrero 2025<\/em><\/strong>\u00a0\u2014 Studio Ejarque ha iniciado su recorrido europeo con su primera participaci\u00f3n en <strong data-start=\"454\" data-end=\"517\">Greenhouse, dentro de la Feria del Mueble de Estocolmo 2025<\/strong>. Esta ha sido la primera vez que el estudio presenta su trabajo en un gran evento \u00a0en Europa, y la acogida no ha podido ser m\u00e1s positiva.<\/p><p class=\"\" data-start=\"692\" data-end=\"1158\">\u00a0 \u00a0 \u00a0La propuesta presentada fue <em><strong data-start=\"720\" data-end=\"732\">El Fuego<\/strong><\/em>, la primera colecci\u00f3n independiente del dise\u00f1ador <strong data-start=\"783\" data-end=\"809\">Pablo Ejarque-Gonz\u00e1lez<\/strong>, que toma el fuego como s\u00edmbolo de transformaci\u00f3n y creatividad. Las piezas, que combinan formas escult\u00f3ricas con materiales experimentales, incorporan un <strong data-start=\"965\" data-end=\"998\">biopl\u00e1stico a base de grafito<\/strong> desarrollado por el propio dise\u00f1ador en 2024. El equilibrio entre artesan\u00eda, innovaci\u00f3n y narrativa material despert\u00f3 el inter\u00e9s de profesionales y visitantes.<\/p><p class=\"\" data-start=\"1160\" data-end=\"1423\">\u00a0 \u00a0 \u00a0<strong>Greenhouse<\/strong>, reconocida como una de las plataformas m\u00e1s destacadas para talentos emergentes, ofreci\u00f3 un entorno cercano pero de gran nivel. <strong>\u201cFue un contexto \u00edntimo y profesional, ideal para generar conversaciones valiosas y recibir feedback real\u201d<\/strong>, comenta Ejarque.<\/p><p class=\"\" data-start=\"1425\" data-end=\"1701\">\u00a0 \u00a0 \u00a0 Esta presentaci\u00f3n en Estocolmo llega tras varios a\u00f1os de experiencia en dise\u00f1o comercial y participaciones en ferias internacionales en EE.UU., como <strong data-start=\"1574\" data-end=\"1593\">ICFF Nueva York<\/strong> y <strong data-start=\"1596\" data-end=\"1621\">Design X Rhode Island<\/strong>, y marca el inicio de un nuevo cap\u00edtulo en el recorrido del estudio por Europa.<\/p>\t\t\t\t\t\t\t\t<\/div>\n\t\t\t\t<\/div>\n\t\t\t\t<\/div>\n\t\t<div class=\"elementor-element elementor-element-bd4c669 e-con-full e-flex elementor-invisible e-con e-parent\" data-id=\"bd4c669\" data-element_type=\"container\" data-settings=\"{&quot;animation&quot;:&quot;fadeIn&quot;}\">\n\t\t\t\t<div class=\"elementor-element elementor-element-4d1d2fc elementor-align-right elementor-invisible elementor-widget elementor-widget-button\" data-id=\"4d1d2fc\" data-element_type=\"widget\" data-settings=\"{&quot;_animation&quot;:&quot;fadeIn&quot;}\" data-widget_type=\"button.default\">\n\t\t\t\t<div class=\"elementor-widget-container\">\n\t\t\t\t\t\t\t\t\t<div class=\"elementor-button-wrapper\">\n\t\t\t\t\t<a class=\"elementor-button elementor-button-link elementor-size-sm\" href=\"https:\/\/studioejarque.com\/index.php\/2025\/05\/08\/studio-ejarques-first-steps-in-europe-a-positive-debut-at-stockholm-furniture-fair-2025-2\/\">\n\t\t\t\t\t\t<span class=\"elementor-button-content-wrapper\">\n\t\t\t\t\t\t\t\t\t<span class=\"elementor-button-text\">Read in English<\/span>\n\t\t\t\t\t<\/span>\n\t\t\t\t\t<\/a>\n\t\t\t\t<\/div>\n\t\t\t\t\t\t\t\t<\/div>\n\t\t\t\t<\/div>\n\t\t\t\t<div class=\"elementor-element elementor-element-31bd2955 elementor-widget-divider--view-line elementor-widget elementor-widget-divider\" data-id=\"31bd2955\" data-element_type=\"widget\" data-widget_type=\"divider.default\">\n\t\t\t\t<div class=\"elementor-widget-container\">\n\t\t\t\t\t\t\t<div class=\"elementor-divider\">\n\t\t\t<span class=\"elementor-divider-separator\">\n\t\t\t\t\t\t<\/span>\n\t\t<\/div>\n\t\t\t\t\t\t<\/div>\n\t\t\t\t<\/div>\n\t\t\t\t<div class=\"elementor-element elementor-element-30c95c25 premium-blog-align-center elementor-invisible elementor-widget elementor-widget-premium-addon-blog\" data-id=\"30c95c25\" data-element_type=\"widget\" data-settings=\"{&quot;premium_blog_columns_number&quot;:&quot;33.33%&quot;,&quot;_animation&quot;:&quot;fadeIn&quot;,&quot;premium_blog_grid&quot;:&quot;yes&quot;,&quot;premium_blog_layout&quot;:&quot;even&quot;,&quot;premium_blog_columns_number_tablet&quot;:&quot;50%&quot;,&quot;premium_blog_columns_number_mobile&quot;:&quot;100%&quot;}\" data-widget_type=\"premium-addon-blog.default\">\n\t\t\t\t<div class=\"elementor-widget-container\">\n\t\t\t\t\t\r\n\t\t\t\t<div class=\"premium-blog-wrap  premium-blog-even\" data-page=\"2047\">\r\n\t\t\t\t\t<div class=\"premium-blog-post-outer-container\" data-total=\"3\">\r\n\t\t\t<div class=\"premium-blog-post-container premium-blog-skin-classic\">\r\n\t\t\t\t\t\t\t\t\t<div class=\"premium-blog-thumb-effect-wrapper\">\r\n\t\t\t\t\t\t<div class=\"premium-blog-thumbnail-container premium-blog-bright-effect\">\r\n\t\t\t\t\t\t\t<img loading=\"lazy\" decoding=\"async\" width=\"1350\" height=\"760\" src=\"https:\/\/i0.wp.com\/studioejarque.com\/wp-content\/uploads\/2026\/03\/Forma_post_post.png?fit=1350%2C760&amp;ssl=1\" class=\"attachment-full size-full wp-image-2426\" alt=\"\" \/>\t\t\t\t\t\t<\/div>\r\n\t\t\t\t\t\t\t\t\t\t\t\t\t<div class=\"premium-blog-thumbnail-overlay\">\r\n\t\t\t\t\t\t\t\t<a class=\"elementor-icon\" href=\"https:\/\/studioejarque.com\/index.php\/2026\/03\/17\/back-home-studio-ejarque-lands-at-forma-madrid-with-leaky-collection\/\" target=\"_self\"><span>Back Home: Studio Ejarque lands at FORMA Madrid with Leaky Collection<\/span><\/a>\r\n\t\t\t\t\t\t\t<\/div>\r\n\r\n\t\t\t\t\t\t\t\t\t\t\t\t\t\t\t\t\t\t<\/div>\r\n\t\t\t\t\t\t\t\t\t\t\t\t<div class=\"premium-blog-content-wrapper \">\r\n\r\n\t\t\t\t\t<div class=\"premium-blog-inner-container\">\r\n\r\n\t\t\t\t\t\t\t\t\t\t\t\t\t\t<h2 class=\"premium-blog-entry-title\">\r\n\t\t\t<a href=\"https:\/\/studioejarque.com\/index.php\/2026\/03\/17\/back-home-studio-ejarque-lands-at-forma-madrid-with-leaky-collection\/\" target=\"_self\">\r\n\t\t\t\tBack Home: Studio Ejarque lands at FORMA Madrid with Leaky Collection\t\t\t<\/a>\r\n\t\t<\/h2>\r\n\t\t\t\t<div class=\"premium-blog-entry-meta\">\r\n\t\t\t\r\n\t\t\t\t\t\t\t<span class=\"premium-blog-meta-separator\">\u2022<\/span>\r\n\t\t\t\t<div class=\"premium-blog-post-time premium-blog-meta-data\">\r\n\t\t\t\t\t<i class=\"fa fa-calendar-alt\" aria-hidden=\"true\"><\/i>\r\n\t\t\t\t\t<span>March 17, 2026<\/span>\r\n\t\t\t\t<\/div>\r\n\t\t\t\r\n\t\t\t\t\t\t\t<span class=\"premium-blog-meta-separator\">\u2022<\/span>\r\n\t\t\t\t<div class=\"premium-blog-post-categories premium-blog-meta-data\">\r\n\t\t\t\t\t<i class=\"fa fa-align-left fa-fw\" aria-hidden=\"true\"><\/i>\r\n\t\t\t\t\t<a href=\"https:\/\/studioejarque.com\/index.php\/category\/furniture-fairs\/\" rel=\"category tag\">Furniture Fairs<\/a>\t\t\t\t<\/div>\r\n\t\t\t\r\n\t\t\t\t\t<\/div>\r\n\t\t\r\n\t\t\t\t\t<\/div>\r\n\r\n\t\t\t\t\t\t\t<div class=\"premium-blog-content-inner-wrapper\">\r\n\t\t<p class=\"premium-blog-post-content\">\u00a0 \u00a0 \u00a0Studio Ejarque took part in the first edition of FORMA Design Fair, held in Madrid from March 5 to 8 \u2026<\/p>\t\t<\/div>\r\n\t\t\t\t\t\t\t\r\n\t\t\t\t<\/div>\r\n\t\t\t<\/div>\r\n\t\t<\/div>\r\n\r\n\t\t\t\t<div class=\"premium-blog-post-outer-container\" data-total=\"3\">\r\n\t\t\t<div class=\"premium-blog-post-container premium-blog-skin-classic\">\r\n\t\t\t\t\t\t\t\t\t<div class=\"premium-blog-thumb-effect-wrapper\">\r\n\t\t\t\t\t\t<div class=\"premium-blog-thumbnail-container premium-blog-bright-effect\">\r\n\t\t\t\t\t\t\t<img loading=\"lazy\" decoding=\"async\" width=\"1350\" height=\"760\" src=\"https:\/\/i0.wp.com\/studioejarque.com\/wp-content\/uploads\/2026\/02\/base_foto_post.png?fit=1350%2C760&amp;ssl=1\" class=\"attachment-full size-full wp-image-2407\" alt=\"\" \/>\t\t\t\t\t\t<\/div>\r\n\t\t\t\t\t\t\t\t\t\t\t\t\t<div class=\"premium-blog-thumbnail-overlay\">\r\n\t\t\t\t\t\t\t\t<a class=\"elementor-icon\" href=\"https:\/\/studioejarque.com\/index.php\/2026\/02\/12\/studio-ejarque-at-forma-design-fair-madrid-design-festival-2026\/\" target=\"_self\"><span>Studio Ejarque at FORMA Design Fair \u2013 Madrid Design Festival 2026<\/span><\/a>\r\n\t\t\t\t\t\t\t<\/div>\r\n\r\n\t\t\t\t\t\t\t\t\t\t\t\t\t\t\t\t\t\t<\/div>\r\n\t\t\t\t\t\t\t\t\t\t\t\t<div class=\"premium-blog-content-wrapper \">\r\n\r\n\t\t\t\t\t<div class=\"premium-blog-inner-container\">\r\n\r\n\t\t\t\t\t\t\t\t\t\t\t\t\t\t<h2 class=\"premium-blog-entry-title\">\r\n\t\t\t<a href=\"https:\/\/studioejarque.com\/index.php\/2026\/02\/12\/studio-ejarque-at-forma-design-fair-madrid-design-festival-2026\/\" target=\"_self\">\r\n\t\t\t\tStudio Ejarque at FORMA Design Fair \u2013 Madrid Design Festival 2026\t\t\t<\/a>\r\n\t\t<\/h2>\r\n\t\t\t\t<div class=\"premium-blog-entry-meta\">\r\n\t\t\t\r\n\t\t\t\t\t\t\t<span class=\"premium-blog-meta-separator\">\u2022<\/span>\r\n\t\t\t\t<div class=\"premium-blog-post-time premium-blog-meta-data\">\r\n\t\t\t\t\t<i class=\"fa fa-calendar-alt\" aria-hidden=\"true\"><\/i>\r\n\t\t\t\t\t<span>February 12, 2026<\/span>\r\n\t\t\t\t<\/div>\r\n\t\t\t\r\n\t\t\t\t\t\t\t<span class=\"premium-blog-meta-separator\">\u2022<\/span>\r\n\t\t\t\t<div class=\"premium-blog-post-categories premium-blog-meta-data\">\r\n\t\t\t\t\t<i class=\"fa fa-align-left fa-fw\" aria-hidden=\"true\"><\/i>\r\n\t\t\t\t\t<a href=\"https:\/\/studioejarque.com\/index.php\/category\/furniture-fairs\/\" rel=\"category tag\">Furniture Fairs<\/a>\t\t\t\t<\/div>\r\n\t\t\t\r\n\t\t\t\t\t<\/div>\r\n\t\t\r\n\t\t\t\t\t<\/div>\r\n\r\n\t\t\t\t\t\t\t<div class=\"premium-blog-content-inner-wrapper\">\r\n\t\t<p class=\"premium-blog-post-content\">\u00a0 \u00a0 \u00a0This March, Studio Ejarque will take part in FORMA Design Fair, within the framework of Madrid Design Festival, from March \u2026<\/p>\t\t<\/div>\r\n\t\t\t\t\t\t\t\r\n\t\t\t\t<\/div>\r\n\t\t\t<\/div>\r\n\t\t<\/div>\r\n\r\n\t\t\t\t<div class=\"premium-blog-post-outer-container\" data-total=\"3\">\r\n\t\t\t<div class=\"premium-blog-post-container premium-blog-skin-classic\">\r\n\t\t\t\t\t\t\t\t\t<div class=\"premium-blog-thumb-effect-wrapper\">\r\n\t\t\t\t\t\t<div class=\"premium-blog-thumbnail-container premium-blog-bright-effect\">\r\n\t\t\t\t\t\t\t<img loading=\"lazy\" decoding=\"async\" width=\"1000\" height=\"563\" src=\"https:\/\/i0.wp.com\/studioejarque.com\/wp-content\/uploads\/2025\/07\/post_copenhaguen_25.jpg?fit=1000%2C563&amp;ssl=1\" class=\"attachment-full size-full wp-image-2363\" alt=\"\" \/>\t\t\t\t\t\t<\/div>\r\n\t\t\t\t\t\t\t\t\t\t\t\t\t<div class=\"premium-blog-thumbnail-overlay\">\r\n\t\t\t\t\t\t\t\t<a class=\"elementor-icon\" href=\"https:\/\/studioejarque.com\/index.php\/2025\/07\/09\/leaky-lamp-i-on-the-move-a-stop-in-copenhagen-2025\/\" target=\"_self\"><span>Leaky Lamp I on the move: a stop in Copenhagen 2025<\/span><\/a>\r\n\t\t\t\t\t\t\t<\/div>\r\n\r\n\t\t\t\t\t\t\t\t\t\t\t\t\t\t\t\t\t\t<\/div>\r\n\t\t\t\t\t\t\t\t\t\t\t\t<div class=\"premium-blog-content-wrapper \">\r\n\r\n\t\t\t\t\t<div class=\"premium-blog-inner-container\">\r\n\r\n\t\t\t\t\t\t\t\t\t\t\t\t\t\t<h2 class=\"premium-blog-entry-title\">\r\n\t\t\t<a href=\"https:\/\/studioejarque.com\/index.php\/2025\/07\/09\/leaky-lamp-i-on-the-move-a-stop-in-copenhagen-2025\/\" target=\"_self\">\r\n\t\t\t\tLeaky Lamp I on the move: a stop in Copenhagen 2025\t\t\t<\/a>\r\n\t\t<\/h2>\r\n\t\t\t\t<div class=\"premium-blog-entry-meta\">\r\n\t\t\t\r\n\t\t\t\t\t\t\t<span class=\"premium-blog-meta-separator\">\u2022<\/span>\r\n\t\t\t\t<div class=\"premium-blog-post-time premium-blog-meta-data\">\r\n\t\t\t\t\t<i class=\"fa fa-calendar-alt\" aria-hidden=\"true\"><\/i>\r\n\t\t\t\t\t<span>July 9, 2025<\/span>\r\n\t\t\t\t<\/div>\r\n\t\t\t\r\n\t\t\t\t\t\t\t<span class=\"premium-blog-meta-separator\">\u2022<\/span>\r\n\t\t\t\t<div class=\"premium-blog-post-categories premium-blog-meta-data\">\r\n\t\t\t\t\t<i class=\"fa fa-align-left fa-fw\" aria-hidden=\"true\"><\/i>\r\n\t\t\t\t\t<a href=\"https:\/\/studioejarque.com\/index.php\/category\/furniture-fairs\/\" rel=\"category tag\">Furniture Fairs<\/a>\t\t\t\t<\/div>\r\n\t\t\t\r\n\t\t\t\t\t<\/div>\r\n\t\t\r\n\t\t\t\t\t<\/div>\r\n\r\n\t\t\t\t\t\t\t<div class=\"premium-blog-content-inner-wrapper\">\r\n\t\t<p class=\"premium-blog-post-content\">\u00a0 \u00a0 \u00a0Our Leaky Lamp I was part of the international exhibition 15 Minutes of Fame \u2013 OTHER CIRCLE 2025, curated by \u2026<\/p>\t\t<\/div>\r\n\t\t\t\t\t\t\t\r\n\t\t\t\t<\/div>\r\n\t\t\t<\/div>\r\n\t\t<\/div>\r\n\r\n\t\t\t\t<\/div>\r\n\r\n\t\t\t\t\t\t<\/div>\n\t\t\t\t<\/div>\n\t\t\t\t<\/div>\n\t\t<div class=\"elementor-element elementor-element-f4ab181 e-flex e-con-boxed elementor-invisible e-con e-parent\" data-id=\"f4ab181\" data-element_type=\"container\" data-settings=\"{&quot;animation&quot;:&quot;fadeIn&quot;}\">\n\t\t\t\t\t<div class=\"e-con-inner\">\n\t\t\t\t<div class=\"elementor-element elementor-element-66462c1a premium-tcloud__row elementor-invisible elementor-widget elementor-widget-premium-tcloud\" data-id=\"66462c1a\" data-element_type=\"widget\" data-settings=\"{&quot;colors_select&quot;:&quot;custom&quot;,&quot;_animation&quot;:&quot;fadeIn&quot;,&quot;words_order&quot;:&quot;default&quot;,&quot;new_tab&quot;:&quot;yes&quot;,&quot;fsize_scale&quot;:{&quot;unit&quot;:&quot;px&quot;,&quot;size&quot;:0,&quot;sizes&quot;:[]}}\" data-widget_type=\"premium-tcloud.default\">\n\t\t\t\t<div class=\"elementor-widget-container\">\n\t\t\t\t\t\r\n\t\t\t<div class=\"premium-tcloud-container premium-tcloud-default premium-tcloud-hidden\" data-chart=\"{&quot;wordsArr&quot;:[[&quot;Ferias&quot;,7,&quot;https:\\\/\\\/studioejarque.com\\\/index.php\\\/category\\\/ferias\\\/&quot;,&quot;Ferias&quot;,7],[&quot;Leer en espa\\u00f1ol&quot;,7,&quot;https:\\\/\\\/studioejarque.com\\\/index.php\\\/category\\\/leer-en-espanol\\\/&quot;,&quot;Leer en espa\\u00f1ol&quot;,7],[&quot;Furniture Fairs&quot;,7,&quot;https:\\\/\\\/studioejarque.com\\\/index.php\\\/category\\\/furniture-fairs\\\/&quot;,&quot;Furniture Fairs&quot;,7]]}\">\r\n\r\n\t\t\t\t<div class=\"premium-tcloud-canvas-container\">\r\n\r\n\t\t\t\t\t\r\n\r\n\t\t\t\t\t\r\n\t\t\t\t\t\t\r\n\t\t\t\t\t\t\r\n\t\t\t\t\t\t\t\r\n\t\t\t\t\t\t\t\t<div class=\"premium-tcloud-term-wrap\">\r\n\r\n\t\t\t\t\t\t\t\t\t<span class=\"premium-tcloud-term\">\r\n\t\t\t\t\t\t\t\t\t\t<a class=\"premium-tcloud-term-link\" data-weight=\"7\" href=\"https:\/\/studioejarque.com\/index.php\/category\/ferias\/\" title=\"Ferias\" target=\"_blank\">Ferias\t\t\t\t\t\t\t\t\t\t\t<span class=\"premium-tcloud-number\">(7)<\/span><\/a>\r\n\t\t\t\t\t\t\t\t\t<\/span>\r\n\t\t\t\t\t\t\t\t<\/div>\r\n\t\t\t\t\t\t\t\t\t\t\t\t\t\r\n\t\t\t\t\t\t\t\r\n\t\t\t\t\t\t\t\t<div class=\"premium-tcloud-term-wrap\">\r\n\r\n\t\t\t\t\t\t\t\t\t<span class=\"premium-tcloud-term\">\r\n\t\t\t\t\t\t\t\t\t\t<a class=\"premium-tcloud-term-link\" data-weight=\"7\" href=\"https:\/\/studioejarque.com\/index.php\/category\/leer-en-espanol\/\" title=\"Leer en espa\u00f1ol\" target=\"_blank\">Leer en espa\u00f1ol\t\t\t\t\t\t\t\t\t\t\t<span class=\"premium-tcloud-number\">(7)<\/span><\/a>\r\n\t\t\t\t\t\t\t\t\t<\/span>\r\n\t\t\t\t\t\t\t\t<\/div>\r\n\t\t\t\t\t\t\t\t\t\t\t\t\t\r\n\t\t\t\t\t\t\t\r\n\t\t\t\t\t\t\t\t<div class=\"premium-tcloud-term-wrap\">\r\n\r\n\t\t\t\t\t\t\t\t\t<span class=\"premium-tcloud-term\">\r\n\t\t\t\t\t\t\t\t\t\t<a class=\"premium-tcloud-term-link\" data-weight=\"7\" href=\"https:\/\/studioejarque.com\/index.php\/category\/furniture-fairs\/\" title=\"Furniture Fairs\" target=\"_blank\">Furniture Fairs\t\t\t\t\t\t\t\t\t\t\t<span class=\"premium-tcloud-number\">(7)<\/span><\/a>\r\n\t\t\t\t\t\t\t\t\t<\/span>\r\n\t\t\t\t\t\t\t\t<\/div>\r\n\t\t\t\t\t\t\t\t\t\t\t\t\t\r\n\t\t\t\t\t\t\t\t\t\t\t\r\n\t\t\t\t<\/div>\r\n\r\n\t\t\t<\/div>\r\n\r\n\t\t\t\t\t\t<\/div>\n\t\t\t\t<\/div>\n\t\t\t\t\t<\/div>\n\t\t\t\t<\/div>\n\t\t<div class=\"elementor-element elementor-element-7292fb36 e-flex e-con-boxed elementor-invisible e-con e-parent\" data-id=\"7292fb36\" data-element_type=\"container\" data-settings=\"{&quot;animation&quot;:&quot;fadeIn&quot;}\">\n\t\t\t\t\t<div class=\"e-con-inner\">\n\t\t<div class=\"elementor-element elementor-element-4ff99945 e-con-full e-flex e-con e-child\" data-id=\"4ff99945\" data-element_type=\"container\">\n\t\t<div class=\"elementor-element elementor-element-49981d17 e-con-full e-flex elementor-invisible e-con e-child\" data-id=\"49981d17\" data-element_type=\"container\" data-settings=\"{&quot;animation&quot;:&quot;fadeIn&quot;}\">\n\t\t\t\t<div class=\"elementor-element elementor-element-2855e84d elementor-shape-circle e-grid-align-right elementor-grid-0 elementor-widget elementor-widget-social-icons\" data-id=\"2855e84d\" data-element_type=\"widget\" data-widget_type=\"social-icons.default\">\n\t\t\t\t<div class=\"elementor-widget-container\">\n\t\t\t\t\t\t\t<div class=\"elementor-social-icons-wrapper elementor-grid\">\n\t\t\t\t\t\t\t<span class=\"elementor-grid-item\">\n\t\t\t\t\t<a class=\"elementor-icon elementor-social-icon elementor-social-icon-instagram elementor-repeater-item-83592f9\" href=\"https:\/\/www.instagram.com\/studioejarque\/\" target=\"_blank\">\n\t\t\t\t\t\t<span class=\"elementor-screen-only\">Instagram<\/span>\n\t\t\t\t\t\t<svg class=\"e-font-icon-svg e-fab-instagram\" viewBox=\"0 0 448 512\" xmlns=\"http:\/\/www.w3.org\/2000\/svg\"><path d=\"M224.1 141c-63.6 0-114.9 51.3-114.9 114.9s51.3 114.9 114.9 114.9S339 319.5 339 255.9 287.7 141 224.1 141zm0 189.6c-41.1 0-74.7-33.5-74.7-74.7s33.5-74.7 74.7-74.7 74.7 33.5 74.7 74.7-33.6 74.7-74.7 74.7zm146.4-194.3c0 14.9-12 26.8-26.8 26.8-14.9 0-26.8-12-26.8-26.8s12-26.8 26.8-26.8 26.8 12 26.8 26.8zm76.1 27.2c-1.7-35.9-9.9-67.7-36.2-93.9-26.2-26.2-58-34.4-93.9-36.2-37-2.1-147.9-2.1-184.9 0-35.8 1.7-67.6 9.9-93.9 36.1s-34.4 58-36.2 93.9c-2.1 37-2.1 147.9 0 184.9 1.7 35.9 9.9 67.7 36.2 93.9s58 34.4 93.9 36.2c37 2.1 147.9 2.1 184.9 0 35.9-1.7 67.7-9.9 93.9-36.2 26.2-26.2 34.4-58 36.2-93.9 2.1-37 2.1-147.8 0-184.8zM398.8 388c-7.8 19.6-22.9 34.7-42.6 42.6-29.5 11.7-99.5 9-132.1 9s-102.7 2.6-132.1-9c-19.6-7.8-34.7-22.9-42.6-42.6-11.7-29.5-9-99.5-9-132.1s-2.6-102.7 9-132.1c7.8-19.6 22.9-34.7 42.6-42.6 29.5-11.7 99.5-9 132.1-9s102.7-2.6 132.1 9c19.6 7.8 34.7 22.9 42.6 42.6 11.7 29.5 9 99.5 9 132.1s2.7 102.7-9 132.1z\"><\/path><\/svg>\t\t\t\t\t<\/a>\n\t\t\t\t<\/span>\n\t\t\t\t\t\t\t<span class=\"elementor-grid-item\">\n\t\t\t\t\t<a class=\"elementor-icon elementor-social-icon elementor-social-icon-envelope elementor-repeater-item-4591d03\" href=\"https:\/\/studioejarque.com\/index.php\/contact\/\" target=\"_blank\">\n\t\t\t\t\t\t<span class=\"elementor-screen-only\">Envelope<\/span>\n\t\t\t\t\t\t<svg class=\"e-font-icon-svg e-far-envelope\" viewBox=\"0 0 512 512\" xmlns=\"http:\/\/www.w3.org\/2000\/svg\"><path d=\"M464 64H48C21.49 64 0 85.49 0 112v288c0 26.51 21.49 48 48 48h416c26.51 0 48-21.49 48-48V112c0-26.51-21.49-48-48-48zm0 48v40.805c-22.422 18.259-58.168 46.651-134.587 106.49-16.841 13.247-50.201 45.072-73.413 44.701-23.208.375-56.579-31.459-73.413-44.701C106.18 199.465 70.425 171.067 48 152.805V112h416zM48 400V214.398c22.914 18.251 55.409 43.862 104.938 82.646 21.857 17.205 60.134 55.186 103.062 54.955 42.717.231 80.509-37.199 103.053-54.947 49.528-38.783 82.032-64.401 104.947-82.653V400H48z\"><\/path><\/svg>\t\t\t\t\t<\/a>\n\t\t\t\t<\/span>\n\t\t\t\t\t\t\t<span class=\"elementor-grid-item\">\n\t\t\t\t\t<a class=\"elementor-icon elementor-social-icon elementor-social-icon-shopping-bag elementor-repeater-item-f97f457\" href=\"https:\/\/adorno.design\/members\/pabloejarquegonzalez\/pieces\/\" target=\"_blank\">\n\t\t\t\t\t\t<span class=\"elementor-screen-only\">Shopping-bag<\/span>\n\t\t\t\t\t\t<svg class=\"e-font-icon-svg e-fas-shopping-bag\" viewBox=\"0 0 448 512\" xmlns=\"http:\/\/www.w3.org\/2000\/svg\"><path d=\"M352 160v-32C352 57.42 294.579 0 224 0 153.42 0 96 57.42 96 128v32H0v272c0 44.183 35.817 80 80 80h288c44.183 0 80-35.817 80-80V160h-96zm-192-32c0-35.29 28.71-64 64-64s64 28.71 64 64v32H160v-32zm160 120c-13.255 0-24-10.745-24-24s10.745-24 24-24 24 10.745 24 24-10.745 24-24 24zm-192 0c-13.255 0-24-10.745-24-24s10.745-24 24-24 24 10.745 24 24-10.745 24-24 24z\"><\/path><\/svg>\t\t\t\t\t<\/a>\n\t\t\t\t<\/span>\n\t\t\t\t\t<\/div>\n\t\t\t\t\t\t<\/div>\n\t\t\t\t<\/div>\n\t\t\t\t<\/div>\n\t\t\t\t<\/div>\n\t\t\t\t\t<\/div>\n\t\t\t\t<\/div>\n\t\t\t\t<\/div>\n\t\t","protected":false},"excerpt":{"rendered":"<p>\u00a0 \u00a0 \u00a0Estocolmo, Febrero 2025\u00a0\u2014 Studio Ejarque ha iniciado su recorrido europeo con su primera participaci\u00f3n en Greenhouse, dentro de la Feria del Mueble de Estocolmo 2025. Esta ha sido la primera vez que el estudio presenta su trabajo en un gran evento \u00a0en Europa, y la acogida no ha podido ser m\u00e1s positiva. \u00a0 [&hellip;]<\/p>\n","protected":false},"author":1,"featured_media":1963,"comment_status":"closed","ping_status":"open","sticky":false,"template":"elementor_header_footer","format":"standard","meta":{"_jetpack_memberships_contains_paid_content":false,"footnotes":""},"categories":[8,9],"tags":[],"class_list":["post-2047","post","type-post","status-publish","format-standard","has-post-thumbnail","hentry","category-ferias","category-leer-en-espanol"],"yoast_head":"<!-- This site is optimized with the Yoast SEO plugin v25.1 - https:\/\/yoast.com\/wordpress\/plugins\/seo\/ -->\n<title>Primeros pasos en Europa: el debut de Studio Ejarque en la Feria del Mueble de Estocolmo 2025 - Studio Ejarque<\/title>\n<meta name=\"robots\" content=\"index, follow, max-snippet:-1, max-image-preview:large, max-video-preview:-1\" \/>\n<link rel=\"canonical\" href=\"https:\/\/studioejarque.com\/index.php\/2025\/05\/08\/primer-paso-en-europa-el-debut-de-studio-ejarque-en-la-feria-del-mueble-de-estocolmo-2025\/\" \/>\n<meta property=\"og:locale\" content=\"en_US\" \/>\n<meta property=\"og:type\" content=\"article\" \/>\n<meta property=\"og:title\" content=\"Primeros pasos en Europa: el debut de Studio Ejarque en la Feria del Mueble de Estocolmo 2025 - Studio Ejarque\" \/>\n<meta property=\"og:description\" content=\"\u00a0 \u00a0 \u00a0Estocolmo, Febrero 2025\u00a0\u2014 Studio Ejarque ha iniciado su recorrido europeo con su primera participaci\u00f3n en Greenhouse, dentro de la Feria del Mueble de Estocolmo 2025. Esta ha sido la primera vez que el estudio presenta su trabajo en un gran evento \u00a0en Europa, y la acogida no ha podido ser m\u00e1s positiva. \u00a0 [&hellip;]\" \/>\n<meta property=\"og:url\" content=\"https:\/\/studioejarque.com\/index.php\/2025\/05\/08\/primer-paso-en-europa-el-debut-de-studio-ejarque-en-la-feria-del-mueble-de-estocolmo-2025\/\" \/>\n<meta property=\"og:site_name\" content=\"Studio Ejarque\" \/>\n<meta property=\"article:published_time\" content=\"2025-05-08T23:47:28+00:00\" \/>\n<meta property=\"article:modified_time\" content=\"2025-05-09T12:53:37+00:00\" \/>\n<meta property=\"og:image\" content=\"https:\/\/studioejarque.com\/wp-content\/uploads\/2025\/05\/stockholm_FF_Ejarque_2025_03.jpg\" \/>\n\t<meta property=\"og:image:width\" content=\"1000\" \/>\n\t<meta property=\"og:image:height\" content=\"563\" \/>\n\t<meta property=\"og:image:type\" content=\"image\/jpeg\" \/>\n<meta name=\"author\" content=\"Ejarque\" \/>\n<meta name=\"twitter:card\" content=\"summary_large_image\" \/>\n<meta name=\"twitter:label1\" content=\"Written by\" \/>\n\t<meta name=\"twitter:data1\" content=\"Ejarque\" \/>\n\t<meta name=\"twitter:label2\" content=\"Est. reading time\" \/>\n\t<meta name=\"twitter:data2\" content=\"2 minutes\" \/>\n<script type=\"application\/ld+json\" class=\"yoast-schema-graph\">{\"@context\":\"https:\/\/schema.org\",\"@graph\":[{\"@type\":\"Article\",\"@id\":\"https:\/\/studioejarque.com\/index.php\/2025\/05\/08\/primer-paso-en-europa-el-debut-de-studio-ejarque-en-la-feria-del-mueble-de-estocolmo-2025\/#article\",\"isPartOf\":{\"@id\":\"https:\/\/studioejarque.com\/index.php\/2025\/05\/08\/primer-paso-en-europa-el-debut-de-studio-ejarque-en-la-feria-del-mueble-de-estocolmo-2025\/\"},\"author\":{\"name\":\"Ejarque\",\"@id\":\"https:\/\/studioejarque.com\/#\/schema\/person\/f45ea5aaf9f1caa0f4f9c25e80dbd8c9\"},\"headline\":\"Primeros pasos en Europa: el debut de Studio Ejarque en la Feria del Mueble de Estocolmo 2025\",\"datePublished\":\"2025-05-08T23:47:28+00:00\",\"dateModified\":\"2025-05-09T12:53:37+00:00\",\"mainEntityOfPage\":{\"@id\":\"https:\/\/studioejarque.com\/index.php\/2025\/05\/08\/primer-paso-en-europa-el-debut-de-studio-ejarque-en-la-feria-del-mueble-de-estocolmo-2025\/\"},\"wordCount\":322,\"publisher\":{\"@id\":\"https:\/\/studioejarque.com\/#organization\"},\"image\":{\"@id\":\"https:\/\/studioejarque.com\/index.php\/2025\/05\/08\/primer-paso-en-europa-el-debut-de-studio-ejarque-en-la-feria-del-mueble-de-estocolmo-2025\/#primaryimage\"},\"thumbnailUrl\":\"https:\/\/i0.wp.com\/studioejarque.com\/wp-content\/uploads\/2025\/05\/stockholm_FF_Ejarque_2025_03.jpg?fit=1000%2C563&ssl=1\",\"articleSection\":[\"Ferias\",\"Leer en espa\u00f1ol\"],\"inLanguage\":\"en-US\"},{\"@type\":\"WebPage\",\"@id\":\"https:\/\/studioejarque.com\/index.php\/2025\/05\/08\/primer-paso-en-europa-el-debut-de-studio-ejarque-en-la-feria-del-mueble-de-estocolmo-2025\/\",\"url\":\"https:\/\/studioejarque.com\/index.php\/2025\/05\/08\/primer-paso-en-europa-el-debut-de-studio-ejarque-en-la-feria-del-mueble-de-estocolmo-2025\/\",\"name\":\"Primeros pasos en Europa: el debut de Studio Ejarque en la Feria del Mueble de Estocolmo 2025 - Studio Ejarque\",\"isPartOf\":{\"@id\":\"https:\/\/studioejarque.com\/#website\"},\"primaryImageOfPage\":{\"@id\":\"https:\/\/studioejarque.com\/index.php\/2025\/05\/08\/primer-paso-en-europa-el-debut-de-studio-ejarque-en-la-feria-del-mueble-de-estocolmo-2025\/#primaryimage\"},\"image\":{\"@id\":\"https:\/\/studioejarque.com\/index.php\/2025\/05\/08\/primer-paso-en-europa-el-debut-de-studio-ejarque-en-la-feria-del-mueble-de-estocolmo-2025\/#primaryimage\"},\"thumbnailUrl\":\"https:\/\/i0.wp.com\/studioejarque.com\/wp-content\/uploads\/2025\/05\/stockholm_FF_Ejarque_2025_03.jpg?fit=1000%2C563&ssl=1\",\"datePublished\":\"2025-05-08T23:47:28+00:00\",\"dateModified\":\"2025-05-09T12:53:37+00:00\",\"breadcrumb\":{\"@id\":\"https:\/\/studioejarque.com\/index.php\/2025\/05\/08\/primer-paso-en-europa-el-debut-de-studio-ejarque-en-la-feria-del-mueble-de-estocolmo-2025\/#breadcrumb\"},\"inLanguage\":\"en-US\",\"potentialAction\":[{\"@type\":\"ReadAction\",\"target\":[\"https:\/\/studioejarque.com\/index.php\/2025\/05\/08\/primer-paso-en-europa-el-debut-de-studio-ejarque-en-la-feria-del-mueble-de-estocolmo-2025\/\"]}]},{\"@type\":\"ImageObject\",\"inLanguage\":\"en-US\",\"@id\":\"https:\/\/studioejarque.com\/index.php\/2025\/05\/08\/primer-paso-en-europa-el-debut-de-studio-ejarque-en-la-feria-del-mueble-de-estocolmo-2025\/#primaryimage\",\"url\":\"https:\/\/i0.wp.com\/studioejarque.com\/wp-content\/uploads\/2025\/05\/stockholm_FF_Ejarque_2025_03.jpg?fit=1000%2C563&ssl=1\",\"contentUrl\":\"https:\/\/i0.wp.com\/studioejarque.com\/wp-content\/uploads\/2025\/05\/stockholm_FF_Ejarque_2025_03.jpg?fit=1000%2C563&ssl=1\",\"width\":1000,\"height\":563},{\"@type\":\"BreadcrumbList\",\"@id\":\"https:\/\/studioejarque.com\/index.php\/2025\/05\/08\/primer-paso-en-europa-el-debut-de-studio-ejarque-en-la-feria-del-mueble-de-estocolmo-2025\/#breadcrumb\",\"itemListElement\":[{\"@type\":\"ListItem\",\"position\":1,\"name\":\"Portada\",\"item\":\"https:\/\/studioejarque.com\/\"},{\"@type\":\"ListItem\",\"position\":2,\"name\":\"Primeros pasos en Europa: el debut de Studio Ejarque en la Feria del Mueble de Estocolmo 2025\"}]},{\"@type\":\"WebSite\",\"@id\":\"https:\/\/studioejarque.com\/#website\",\"url\":\"https:\/\/studioejarque.com\/\",\"name\":\"Studio Ejarque\",\"description\":\"Just design\",\"publisher\":{\"@id\":\"https:\/\/studioejarque.com\/#organization\"},\"potentialAction\":[{\"@type\":\"SearchAction\",\"target\":{\"@type\":\"EntryPoint\",\"urlTemplate\":\"https:\/\/studioejarque.com\/?s={search_term_string}\"},\"query-input\":{\"@type\":\"PropertyValueSpecification\",\"valueRequired\":true,\"valueName\":\"search_term_string\"}}],\"inLanguage\":\"en-US\"},{\"@type\":\"Organization\",\"@id\":\"https:\/\/studioejarque.com\/#organization\",\"name\":\"Studio Ejarque\",\"url\":\"https:\/\/studioejarque.com\/\",\"logo\":{\"@type\":\"ImageObject\",\"inLanguage\":\"en-US\",\"@id\":\"https:\/\/studioejarque.com\/#\/schema\/logo\/image\/\",\"url\":\"https:\/\/i0.wp.com\/studioejarque.com\/wp-content\/uploads\/2025\/03\/cropped-logo_ejarque_final.png?fit=1630%2C380&ssl=1\",\"contentUrl\":\"https:\/\/i0.wp.com\/studioejarque.com\/wp-content\/uploads\/2025\/03\/cropped-logo_ejarque_final.png?fit=1630%2C380&ssl=1\",\"width\":1630,\"height\":380,\"caption\":\"Studio Ejarque\"},\"image\":{\"@id\":\"https:\/\/studioejarque.com\/#\/schema\/logo\/image\/\"}},{\"@type\":\"Person\",\"@id\":\"https:\/\/studioejarque.com\/#\/schema\/person\/f45ea5aaf9f1caa0f4f9c25e80dbd8c9\",\"name\":\"Ejarque\",\"image\":{\"@type\":\"ImageObject\",\"inLanguage\":\"en-US\",\"@id\":\"https:\/\/studioejarque.com\/#\/schema\/person\/image\/\",\"url\":\"https:\/\/secure.gravatar.com\/avatar\/b873e9edbf620b5d5015095d9c0d7a93c4694075bd2883514a988e058f0f09c7?s=96&d=mm&r=g\",\"contentUrl\":\"https:\/\/secure.gravatar.com\/avatar\/b873e9edbf620b5d5015095d9c0d7a93c4694075bd2883514a988e058f0f09c7?s=96&d=mm&r=g\",\"caption\":\"Ejarque\"},\"sameAs\":[\"http:\/\/studioejarque.com\"],\"url\":\"https:\/\/studioejarque.com\/index.php\/author\/admin\/\"}]}<\/script>\n<!-- \/ Yoast SEO plugin. -->","yoast_head_json":{"title":"Primeros pasos en Europa: el debut de Studio Ejarque en la Feria del Mueble de Estocolmo 2025 - Studio Ejarque","robots":{"index":"index","follow":"follow","max-snippet":"max-snippet:-1","max-image-preview":"max-image-preview:large","max-video-preview":"max-video-preview:-1"},"canonical":"https:\/\/studioejarque.com\/index.php\/2025\/05\/08\/primer-paso-en-europa-el-debut-de-studio-ejarque-en-la-feria-del-mueble-de-estocolmo-2025\/","og_locale":"en_US","og_type":"article","og_title":"Primeros pasos en Europa: el debut de Studio Ejarque en la Feria del Mueble de Estocolmo 2025 - Studio Ejarque","og_description":"\u00a0 \u00a0 \u00a0Estocolmo, Febrero 2025\u00a0\u2014 Studio Ejarque ha iniciado su recorrido europeo con su primera participaci\u00f3n en Greenhouse, dentro de la Feria del Mueble de Estocolmo 2025. Esta ha sido la primera vez que el estudio presenta su trabajo en un gran evento \u00a0en Europa, y la acogida no ha podido ser m\u00e1s positiva. \u00a0 [&hellip;]","og_url":"https:\/\/studioejarque.com\/index.php\/2025\/05\/08\/primer-paso-en-europa-el-debut-de-studio-ejarque-en-la-feria-del-mueble-de-estocolmo-2025\/","og_site_name":"Studio Ejarque","article_published_time":"2025-05-08T23:47:28+00:00","article_modified_time":"2025-05-09T12:53:37+00:00","og_image":[{"width":1000,"height":563,"url":"https:\/\/studioejarque.com\/wp-content\/uploads\/2025\/05\/stockholm_FF_Ejarque_2025_03.jpg","type":"image\/jpeg"}],"author":"Ejarque","twitter_card":"summary_large_image","twitter_misc":{"Written by":"Ejarque","Est. reading time":"2 minutes"},"schema":{"@context":"https:\/\/schema.org","@graph":[{"@type":"Article","@id":"https:\/\/studioejarque.com\/index.php\/2025\/05\/08\/primer-paso-en-europa-el-debut-de-studio-ejarque-en-la-feria-del-mueble-de-estocolmo-2025\/#article","isPartOf":{"@id":"https:\/\/studioejarque.com\/index.php\/2025\/05\/08\/primer-paso-en-europa-el-debut-de-studio-ejarque-en-la-feria-del-mueble-de-estocolmo-2025\/"},"author":{"name":"Ejarque","@id":"https:\/\/studioejarque.com\/#\/schema\/person\/f45ea5aaf9f1caa0f4f9c25e80dbd8c9"},"headline":"Primeros pasos en Europa: el debut de Studio Ejarque en la Feria del Mueble de Estocolmo 2025","datePublished":"2025-05-08T23:47:28+00:00","dateModified":"2025-05-09T12:53:37+00:00","mainEntityOfPage":{"@id":"https:\/\/studioejarque.com\/index.php\/2025\/05\/08\/primer-paso-en-europa-el-debut-de-studio-ejarque-en-la-feria-del-mueble-de-estocolmo-2025\/"},"wordCount":322,"publisher":{"@id":"https:\/\/studioejarque.com\/#organization"},"image":{"@id":"https:\/\/studioejarque.com\/index.php\/2025\/05\/08\/primer-paso-en-europa-el-debut-de-studio-ejarque-en-la-feria-del-mueble-de-estocolmo-2025\/#primaryimage"},"thumbnailUrl":"https:\/\/i0.wp.com\/studioejarque.com\/wp-content\/uploads\/2025\/05\/stockholm_FF_Ejarque_2025_03.jpg?fit=1000%2C563&ssl=1","articleSection":["Ferias","Leer en espa\u00f1ol"],"inLanguage":"en-US"},{"@type":"WebPage","@id":"https:\/\/studioejarque.com\/index.php\/2025\/05\/08\/primer-paso-en-europa-el-debut-de-studio-ejarque-en-la-feria-del-mueble-de-estocolmo-2025\/","url":"https:\/\/studioejarque.com\/index.php\/2025\/05\/08\/primer-paso-en-europa-el-debut-de-studio-ejarque-en-la-feria-del-mueble-de-estocolmo-2025\/","name":"Primeros pasos en Europa: el debut de Studio Ejarque en la Feria del Mueble de Estocolmo 2025 - Studio Ejarque","isPartOf":{"@id":"https:\/\/studioejarque.com\/#website"},"primaryImageOfPage":{"@id":"https:\/\/studioejarque.com\/index.php\/2025\/05\/08\/primer-paso-en-europa-el-debut-de-studio-ejarque-en-la-feria-del-mueble-de-estocolmo-2025\/#primaryimage"},"image":{"@id":"https:\/\/studioejarque.com\/index.php\/2025\/05\/08\/primer-paso-en-europa-el-debut-de-studio-ejarque-en-la-feria-del-mueble-de-estocolmo-2025\/#primaryimage"},"thumbnailUrl":"https:\/\/i0.wp.com\/studioejarque.com\/wp-content\/uploads\/2025\/05\/stockholm_FF_Ejarque_2025_03.jpg?fit=1000%2C563&ssl=1","datePublished":"2025-05-08T23:47:28+00:00","dateModified":"2025-05-09T12:53:37+00:00","breadcrumb":{"@id":"https:\/\/studioejarque.com\/index.php\/2025\/05\/08\/primer-paso-en-europa-el-debut-de-studio-ejarque-en-la-feria-del-mueble-de-estocolmo-2025\/#breadcrumb"},"inLanguage":"en-US","potentialAction":[{"@type":"ReadAction","target":["https:\/\/studioejarque.com\/index.php\/2025\/05\/08\/primer-paso-en-europa-el-debut-de-studio-ejarque-en-la-feria-del-mueble-de-estocolmo-2025\/"]}]},{"@type":"ImageObject","inLanguage":"en-US","@id":"https:\/\/studioejarque.com\/index.php\/2025\/05\/08\/primer-paso-en-europa-el-debut-de-studio-ejarque-en-la-feria-del-mueble-de-estocolmo-2025\/#primaryimage","url":"https:\/\/i0.wp.com\/studioejarque.com\/wp-content\/uploads\/2025\/05\/stockholm_FF_Ejarque_2025_03.jpg?fit=1000%2C563&ssl=1","contentUrl":"https:\/\/i0.wp.com\/studioejarque.com\/wp-content\/uploads\/2025\/05\/stockholm_FF_Ejarque_2025_03.jpg?fit=1000%2C563&ssl=1","width":1000,"height":563},{"@type":"BreadcrumbList","@id":"https:\/\/studioejarque.com\/index.php\/2025\/05\/08\/primer-paso-en-europa-el-debut-de-studio-ejarque-en-la-feria-del-mueble-de-estocolmo-2025\/#breadcrumb","itemListElement":[{"@type":"ListItem","position":1,"name":"Portada","item":"https:\/\/studioejarque.com\/"},{"@type":"ListItem","position":2,"name":"Primeros pasos en Europa: el debut de Studio Ejarque en la Feria del Mueble de Estocolmo 2025"}]},{"@type":"WebSite","@id":"https:\/\/studioejarque.com\/#website","url":"https:\/\/studioejarque.com\/","name":"Studio Ejarque","description":"Just design","publisher":{"@id":"https:\/\/studioejarque.com\/#organization"},"potentialAction":[{"@type":"SearchAction","target":{"@type":"EntryPoint","urlTemplate":"https:\/\/studioejarque.com\/?s={search_term_string}"},"query-input":{"@type":"PropertyValueSpecification","valueRequired":true,"valueName":"search_term_string"}}],"inLanguage":"en-US"},{"@type":"Organization","@id":"https:\/\/studioejarque.com\/#organization","name":"Studio Ejarque","url":"https:\/\/studioejarque.com\/","logo":{"@type":"ImageObject","inLanguage":"en-US","@id":"https:\/\/studioejarque.com\/#\/schema\/logo\/image\/","url":"https:\/\/i0.wp.com\/studioejarque.com\/wp-content\/uploads\/2025\/03\/cropped-logo_ejarque_final.png?fit=1630%2C380&ssl=1","contentUrl":"https:\/\/i0.wp.com\/studioejarque.com\/wp-content\/uploads\/2025\/03\/cropped-logo_ejarque_final.png?fit=1630%2C380&ssl=1","width":1630,"height":380,"caption":"Studio Ejarque"},"image":{"@id":"https:\/\/studioejarque.com\/#\/schema\/logo\/image\/"}},{"@type":"Person","@id":"https:\/\/studioejarque.com\/#\/schema\/person\/f45ea5aaf9f1caa0f4f9c25e80dbd8c9","name":"Ejarque","image":{"@type":"ImageObject","inLanguage":"en-US","@id":"https:\/\/studioejarque.com\/#\/schema\/person\/image\/","url":"https:\/\/secure.gravatar.com\/avatar\/b873e9edbf620b5d5015095d9c0d7a93c4694075bd2883514a988e058f0f09c7?s=96&d=mm&r=g","contentUrl":"https:\/\/secure.gravatar.com\/avatar\/b873e9edbf620b5d5015095d9c0d7a93c4694075bd2883514a988e058f0f09c7?s=96&d=mm&r=g","caption":"Ejarque"},"sameAs":["http:\/\/studioejarque.com"],"url":"https:\/\/studioejarque.com\/index.php\/author\/admin\/"}]}},"jetpack_featured_media_url":"https:\/\/i0.wp.com\/studioejarque.com\/wp-content\/uploads\/2025\/05\/stockholm_FF_Ejarque_2025_03.jpg?fit=1000%2C563&ssl=1","jetpack_sharing_enabled":true,"_links":{"self":[{"href":"https:\/\/studioejarque.com\/index.php\/wp-json\/wp\/v2\/posts\/2047","targetHints":{"allow":["GET"]}}],"collection":[{"href":"https:\/\/studioejarque.com\/index.php\/wp-json\/wp\/v2\/posts"}],"about":[{"href":"https:\/\/studioejarque.com\/index.php\/wp-json\/wp\/v2\/types\/post"}],"author":[{"embeddable":true,"href":"https:\/\/studioejarque.com\/index.php\/wp-json\/wp\/v2\/users\/1"}],"replies":[{"embeddable":true,"href":"https:\/\/studioejarque.com\/index.php\/wp-json\/wp\/v2\/comments?post=2047"}],"version-history":[{"count":13,"href":"https:\/\/studioejarque.com\/index.php\/wp-json\/wp\/v2\/posts\/2047\/revisions"}],"predecessor-version":[{"id":2105,"href":"https:\/\/studioejarque.com\/index.php\/wp-json\/wp\/v2\/posts\/2047\/revisions\/2105"}],"wp:featuredmedia":[{"embeddable":true,"href":"https:\/\/studioejarque.com\/index.php\/wp-json\/wp\/v2\/media\/1963"}],"wp:attachment":[{"href":"https:\/\/studioejarque.com\/index.php\/wp-json\/wp\/v2\/media?parent=2047"}],"wp:term":[{"taxonomy":"category","embeddable":true,"href":"https:\/\/studioejarque.com\/index.php\/wp-json\/wp\/v2\/categories?post=2047"},{"taxonomy":"post_tag","embeddable":true,"href":"https:\/\/studioejarque.com\/index.php\/wp-json\/wp\/v2\/tags?post=2047"}],"curies":[{"name":"wp","href":"https:\/\/api.w.org\/{rel}","templated":true}]}}